{"id":229309,"date":"2009-12-23T06:28:23","date_gmt":"2009-12-23T06:28:23","guid":{"rendered":"https:\/\/archivio.cercoiltuovolto.it\/?p=229309"},"modified":"2026-07-03T12:13:27","modified_gmt":"2026-07-03T12:13:27","slug":"appuntamenti-televisivi-e-radiofonici-del-santo-padre","status":"publish","type":"post","link":"https:\/\/archivio.cercoiltuovolto.it\/?p=229309","title":{"rendered":"Appuntamenti televisivi e radiofonici del Santo Padre"},"content":{"rendered":"<ul>\n<li>Mercoled\u00ec 23 dicembre 2009, UDIENZA GENERALE. <br \/>\nDiretta televisiva su Telepace, Skytg24 (servizio active) e Sat2000 a partire dalle 10.25.(L&#8217;udienza generale viene solitamente replicata da Telepace alle 20.35 del mercoled\u00ec e alle 4.00 del gioved\u00ec)<\/li>\n<li>Gioved\u00ec 24 dicembre 2009, SANTA MESSA DELLA NOTTE DI NATALE. <br \/>\nDiretta televisiva su Telepace, Skytg24 (servizio active) e Sat2000 a partire dalle 21.55.<\/li>\n<li>Venerd\u00ec 25 dicembre 2009, MESSAGGIO E BENEDIZIONE URBI ET ORBI.<br \/>\nDiretta televisiva su Telepace, Skytg24 (servizio active), Raiuno e Sat2000 a partire dalle 11.50.<\/li>\n<li>Domenica 27 dicembre 2009, ANGELUS, da Piazza San Pietro.<br \/>\nDiretta televisiva su Telepace, Skytg24 (servizio active), Raiuno e Sat2000 a partire dalle 11.50 (La recita dell&#8217;Angelus viene replicata da Telepace alle 14 ed alle 22 della domenica)<\/li>\n<li>Mercoled\u00ec 30 dicembre 2009, UDIENZA GENERALE. <br \/>\nDiretta televisiva su Telepace, Skytg24 (servizio active) e Sat2000 a partire dalle 10.25.(L&#8217;udienza generale viene solitamente replicata da Telepace alle 20.35 del mercoled\u00ec e alle 4.00 del gioved\u00ec)<\/li>\n<li>Gioved\u00ec 31 dicembre 2009, VESPRI E TE DEUM di fine anno.<br \/>\nDiretta televisiva su Telepace, Skytg24 (servizio active) e Sat2000 a partire dalle 17.55.<\/li>\n<li>Venerd\u00ec 1\u00b0 gennaio 2010, SANTA MESSA nella Solennit\u00e0 di Maria SS.ma Madre di Dio-XLIII Giornata Mondiale della Pace. Diretta televisiva su Telepace, Skytg24 (servizio active), Raiuno e Sat2000 a partire dalle 09.55.<\/li>\n<li>Venerd\u00ec 1\u00b0 gennaio 2010, ANGELUS nella Solennit\u00e0 di Maria SS.ma Madre di Dio-XLIII Giornata Mondiale della Pace. Diretta televisiva su Telepace, Skytg24 (servizio active), Raiuno e Sat2000 a partire dalle 11.55.<\/li>\n<li>Domenica 3 gennaio 2010, ANGELUS, da Piazza San Pietro.<br \/>\nDiretta televisiva su Telepace, Skytg24 (servizio active), Raiuno e Sat2000 a partire dalle 11.50 (La recita dell&#8217;Angelus viene replicata da Telepace alle 14 ed alle 22 della domenica)<\/li>\n<li>Mercoled\u00ec 6 gennaio 2010, SANTA MESSA nella Solennit\u00e0 dell&#8217;Epifania del Signore.<br \/>\nDiretta televisiva su Telepace, Skytg24 (servizio active) e Sat2000 a partire dalle 09.55.<\/li>\n<li>Mercoled\u00ec 6 gennaio 2010, ANGELUS nella Solennit\u00e0 dell&#8217;Epifania del Signore.<br \/>\nDiretta televisiva su Telepace, Skytg24 (servizio active), Raiuno e Sat2000 a partire dalle 11.55.<\/li>\n<li>Domenica 10 gennaio 2010, SANTA MESSA nella Festa del Battesimo del Signore con Battesimo dei bambini, dalla Cappella Sistina. Diretta televisiva su Telepace, Skytg24 (servizio active) e Sat2000 a partire dalle 09.55.<\/li>\n<li>Mercoled\u00ec 13 gennaio 2010, UDIENZA GENERALE. Diretta televisiva su Telepace, Skytg24 (servizio active) e Sat2000 a partire dalle 10.25. (L&#8217;udienza generale viene solitamente replicata da Telepace alle 20.35 del mercoled\u00ec e alle 4.00 del gioved\u00ec)<\/li>\n<li>Luned\u00ec 25 gennaio 2010, VESPRI nella Festa della Conversione di San Paolo Apostolo, dalla Basilica di San Paolo fuori le Mura. Diretta televisiva su Telepace, Skytg24 (servizio active) e Sat2000 a partire dalle 17.25.<\/li>\n<\/ul>\n<p><strong>LE DIRETTE SUL WEB<\/strong><\/p>\n<p><a href=\"http:\/\/www.radiovaticana.org\/it1\/web_TV.asp\" target=\"_blank\"><\/a>Consultate anche <a href=\"http:\/\/paparatzinger-blograffaella.blogspot.com\/2007\/09\/dove-e-come-possiamo-seguire-le-dirette.html\" target=\"_blank\">questo link<\/a> per scoprire come fare.<\/p>\n<p class=\"sito-web\">Fonte: <a href=\"http:\/\/paparatzinger3-blograffaella.blogspot.com\/2009\/11\/i-prossimi-appuntamenti-televisivi-e.html\" target=\"_blank\">Il blog degli amici di Papa\u00a0Ratzinger<\/a><\/p>\n","protected":false},"excerpt":{"rendered":"<p>Mercoled\u00ec 23 dicembre 2009, UDIENZA GENERALE. Diretta televisiva su Telepace, Skytg24 (servizio active) e Sat2000 a partire dalle 10.25.(L&#8217;udienza generale viene solitamente replicata da Telepace alle 20.35 del mercoled\u00ec e alle 4.00 del gioved\u00ec) Gioved\u00ec 24 dicembre 2009, SANTA MESSA DELLA NOTTE DI NATALE. Diretta televisiva su Telepace, Skytg24 (servizio active) e Sat2000 a partire&#8230;<\/p>\n","protected":false},"author":3,"featured_media":0,"comment_status":"closed","ping_status":"closed","sticky":false,"template":"","format":"standard","meta":{"_kad_post_transparent":"","_kad_post_title":"","_kad_post_layout":"","_kad_post_sidebar_id":"","_kad_post_content_style":"","_kad_post_vertical_padding":"","_kad_post_feature":"","_kad_post_feature_position":"","_kad_post_header":false,"_kad_post_footer":false,"_kad_post_classname":"","footnotes":""},"categories":[99,127],"tags":[24,113],"class_list":["post-229309","post","type-post","status-publish","format-standard","hentry","category-99","category-benedetto-xvi","tag-televisione","tag-video"],"_links":{"self":[{"href":"https:\/\/archivio.cercoiltuovolto.it\/index.php?rest_route=\/wp\/v2\/posts\/229309","targetHints":{"allow":["GET"]}}],"collection":[{"href":"https:\/\/archivio.cercoiltuovolto.it\/index.php?rest_route=\/wp\/v2\/posts"}],"about":[{"href":"https:\/\/archivio.cercoiltuovolto.it\/index.php?rest_route=\/wp\/v2\/types\/post"}],"author":[{"embeddable":true,"href":"https:\/\/archivio.cercoiltuovolto.it\/index.php?rest_route=\/wp\/v2\/users\/3"}],"replies":[{"embeddable":true,"href":"https:\/\/archivio.cercoiltuovolto.it\/index.php?rest_route=%2Fwp%2Fv2%2Fcomments&post=229309"}],"version-history":[{"count":1,"href":"https:\/\/archivio.cercoiltuovolto.it\/index.php?rest_route=\/wp\/v2\/posts\/229309\/revisions"}],"predecessor-version":[{"id":230442,"href":"https:\/\/archivio.cercoiltuovolto.it\/index.php?rest_route=\/wp\/v2\/posts\/229309\/revisions\/230442"}],"wp:attachment":[{"href":"https:\/\/archivio.cercoiltuovolto.it\/index.php?rest_route=%2Fwp%2Fv2%2Fmedia&parent=229309"}],"wp:term":[{"taxonomy":"category","embeddable":true,"href":"https:\/\/archivio.cercoiltuovolto.it\/index.php?rest_route=%2Fwp%2Fv2%2Fcategories&post=229309"},{"taxonomy":"post_tag","embeddable":true,"href":"https:\/\/archivio.cercoiltuovolto.it\/index.php?rest_route=%2Fwp%2Fv2%2Ftags&post=229309"}],"curies":[{"name":"wp","href":"https:\/\/api.w.org\/{rel}","templated":true}]}}