{"id":229274,"date":"2009-12-17T12:14:44","date_gmt":"2009-12-17T12:14:44","guid":{"rendered":"https:\/\/archivio.cercoiltuovolto.it\/?p=229274"},"modified":"2009-12-17T12:14:44","modified_gmt":"2009-12-17T12:14:44","slug":"video-vangelo-del-20122009-iv-domenica-di-avvento-voce-audiovisivi","status":"publish","type":"post","link":"https:\/\/archivio.cercoiltuovolto.it\/?p=229274","title":{"rendered":"Video Vangelo del 20\/12\/2009 &#8211; IV Domenica di Avvento &#8211; Voce Audiovisivi"},"content":{"rendered":"<p style=\"text-align: center;\"><img loading=\"lazy\" decoding=\"async\" style=\"border: 0px solid #000000; margin: 5px; width: 304px; height: 140px;\" title=\"Audiovisivi\" src=\"http:\/\/www.cercoiltuovolto.it\/\/images\/stories\/logo\/logo_testata_audiovisivi.jpg\" alt=\"Audiovisivi\" width=\"304\" height=\"140\" \/><\/p>\n<p style=\"text-align: left;\"><strong>Guarda il video della lettura del vangelo<\/strong> della settimana e le <strong>riflessioni <\/strong>affidate a diversi commentatori.<\/p>\n<p style=\"text-align: left;\"><strong>Video Vangelo<\/strong> del  20 dicembre 2009 &#8211; <strong>IV DOMENICA   DI AVVENTO      (ANNO C)<\/strong><\/p>\n<p style=\"text-align: left;\"><strong> <\/strong><strong>Commento <\/strong>di mons Gianfranco Mascher\u00a0| <strong>Lettrice<\/strong> Elena Gianni<\/p>\n<p style=\"text-align: center;\">\n<blockquote>\n<p style=\"text-align: left;\"><strong>IV DOMENICA DI AVVENTO (ANNO C)<br \/>\n <\/strong><em>Vangelo Lc 1,39-45<\/em><br \/>\n <em>A che cosa devo che la madre del mio Signore venga da me<\/em><br \/>\n + Dal Vangelo secondo Luca<\/p>\n<p>In quei giorni Maria si alz\u00f2 e and\u00f2 in fretta verso la regione montuosa, in una citt\u00e0 di Giuda. Entrata nella casa di Zaccar\u00eca, salut\u00f2 Elisabetta. Appena Elisabetta ebbe udito il saluto di Maria, il bambino sussult\u00f2 nel suo grembo. Elisabetta fu colmata di Spirito Santo ed esclam\u00f2 a gran voce: \u00abBenedetta tu fra le donne e benedetto il frutto del tuo grembo! A che cosa devo che la madre del mio Signore venga da me? Ecco, appena il tuo saluto \u00e8 giunto ai miei orecchi, il bambino ha sussultato di gioia nel mio grembo. E beata colei che ha creduto nell&#8217;adempimento di ci\u00f2 che il Signore le ha detto\u00bb.<\/p>\n<\/blockquote>\n<p class=\"info\"><strong>Fonte del video<\/strong>: Centro Audiovisivi &#8211; La Buona Notizia<\/p>\n","protected":false},"excerpt":{"rendered":"<p>Guarda il video della lettura del vangelo della settimana e le riflessioni affidate a diversi commentatori. Video Vangelo del 20 dicembre 2009 &#8211; IV DOMENICA DI AVVENTO (ANNO C) Commento di mons Gianfranco Mascher\u00a0| Lettrice Elena Gianni IV DOMENICA DI AVVENTO (ANNO C) Vangelo Lc 1,39-45 A che cosa devo che la madre del mio&#8230;<\/p>\n","protected":false},"author":3,"featured_media":0,"comment_status":"closed","ping_status":"closed","sticky":false,"template":"","format":"standard","meta":{"_kad_post_transparent":"","_kad_post_title":"","_kad_post_layout":"","_kad_post_sidebar_id":"","_kad_post_content_style":"","_kad_post_vertical_padding":"","_kad_post_feature":"","_kad_post_feature_position":"","_kad_post_header":false,"_kad_post_footer":false,"_kad_post_classname":"","footnotes":""},"categories":[99,147],"tags":[42,172,113],"class_list":["post-229274","post","type-post","status-publish","format-standard","hentry","category-99","category-commento-al-vangelo","tag-lettura-del-vangelo","tag-vangelo-della-domenica","tag-video"],"_links":{"self":[{"href":"https:\/\/archivio.cercoiltuovolto.it\/index.php?rest_route=\/wp\/v2\/posts\/229274","targetHints":{"allow":["GET"]}}],"collection":[{"href":"https:\/\/archivio.cercoiltuovolto.it\/index.php?rest_route=\/wp\/v2\/posts"}],"about":[{"href":"https:\/\/archivio.cercoiltuovolto.it\/index.php?rest_route=\/wp\/v2\/types\/post"}],"author":[{"embeddable":true,"href":"https:\/\/archivio.cercoiltuovolto.it\/index.php?rest_route=\/wp\/v2\/users\/3"}],"replies":[{"embeddable":true,"href":"https:\/\/archivio.cercoiltuovolto.it\/index.php?rest_route=%2Fwp%2Fv2%2Fcomments&post=229274"}],"version-history":[{"count":0,"href":"https:\/\/archivio.cercoiltuovolto.it\/index.php?rest_route=\/wp\/v2\/posts\/229274\/revisions"}],"wp:attachment":[{"href":"https:\/\/archivio.cercoiltuovolto.it\/index.php?rest_route=%2Fwp%2Fv2%2Fmedia&parent=229274"}],"wp:term":[{"taxonomy":"category","embeddable":true,"href":"https:\/\/archivio.cercoiltuovolto.it\/index.php?rest_route=%2Fwp%2Fv2%2Fcategories&post=229274"},{"taxonomy":"post_tag","embeddable":true,"href":"https:\/\/archivio.cercoiltuovolto.it\/index.php?rest_route=%2Fwp%2Fv2%2Ftags&post=229274"}],"curies":[{"name":"wp","href":"https:\/\/api.w.org\/{rel}","templated":true}]}}