{"id":229264,"date":"2009-12-15T12:15:06","date_gmt":"2009-12-15T12:15:06","guid":{"rendered":"https:\/\/archivio.cercoiltuovolto.it\/?p=229264"},"modified":"2009-12-15T12:15:06","modified_gmt":"2009-12-15T12:15:06","slug":"letture-in-mp3-del-20-dicembre-2009-iv-domenica-di-avvento","status":"publish","type":"post","link":"https:\/\/archivio.cercoiltuovolto.it\/?p=229264","title":{"rendered":"&#8220;Letture in mp3&#8221; del 20 dicembre 2009 &#8211; IV Domenica di Avvento"},"content":{"rendered":"<p style=\"text-align: justify;\">Di seguito <em>i link<\/em> ai file in mp3 ed il testo relativi alla <strong>Liturgia della Parola<\/strong> di domenica 20 dicembre 2009.<\/p>\n<ul>\n<li style=\"text-align: justify;\">Prima lettura &#8211; <a href=\"http:\/\/www.proclamarelaparola.it\/cavv4_1.mp3\"> Mi 5,1-4a <\/a><\/li>\n<li style=\"text-align: justify;\">Seconda lettura &#8211; \u00a0<a href=\"http:\/\/www.proclamarelaparola.it\/cavv4_2.mp3\">Eb 10,5-10<\/a><\/li>\n<li style=\"text-align: justify;\">Vangelo &#8211; \u00a0<a href=\"http:\/\/www.proclamarelaparola.it\/cavv4_3.mp3\">Lc 1,39-45<\/a><\/li>\n<\/ul>\n<p class=\"info\" style=\"text-align: justify;\">Fonte: <a href=\"http:\/\/www.proclamarelaparola.it\/2009\/20-dicembre-2009-iv-di-avvento-anno-c-letture-in-mp3\/\" target=\"_blank\">Proclamare la Parola<\/a><\/p>\n<blockquote>\n<p>Prima lettura <em><strong>Mi 5,1-4a<\/strong><\/em><br \/>\n Da te uscir\u00e0 per me colui che deve essere il dominatore in Israele.<br \/>\n Dal libro del profeta Mich\u00e8a<\/p>\n<p> Cos\u00ec dice il Signore:\/<br \/>\n \u00abE tu,\/ Betlemme di \u00c8frata,\/<br \/>\n cos\u00ec piccola per essere fra i villaggi di Giuda,\/<br \/>\n da te uscir\u00e0 per me\/<br \/>\n colui che deve essere il dominatore in Israele;\/\/<br \/>\n le sue origini sono dall\u2019antichit\u00e0,\/<br \/>\n dai giorni pi\u00f9 remoti.\/\/<br \/>\n Perci\u00f2 Dio li metter\u00e0 in potere altrui,\/<br \/>\n fino a quando partorir\u00e0\/ colei che deve partorire;\/<br \/>\n e il resto dei tuoi fratelli\/ ritorner\u00e0 ai figli d\u2019Israele.\/\/<br \/>\n Egli si lever\u00e0\/ e pascer\u00e0\/ con la forza del Signore,\/<br \/>\n con la maest\u00e0\/ del nome del Signore,\/ suo Dio.\/\/<br \/>\n Abiteranno sicuri,\/ perch\u00e9 egli allora sar\u00e0 grande\/<br \/>\n fino agli estremi confini della terra.\/\/<br \/>\n Egli stesso\/ sar\u00e0 la pace!\u00bb.<\/p>\n<p> Salmo responsoriale<br \/>\n (di norma deve venire eseguito in canto)<br \/>\n <em><strong>Sal 79<\/strong><\/em><br \/>\n Rit.:Signore, fa\u2019 splendere il tuo volto e noi saremo salvi.<\/p>\n<p> Tu, pastore d\u2019Israele, ascolta,<br \/>\n seduto sui cherubini, risplendi.<br \/>\n Risveglia la tua potenza<br \/>\n e vieni a salvarci.<br \/>\n Dio degli eserciti, ritorna!<br \/>\n Guarda dal cielo e vedi<br \/>\n e visita questa vigna,<br \/>\n proteggi quello che la tua destra ha piantato,<br \/>\n il figlio dell\u2019uomo che per te hai reso forte.<br \/>\n Sia la tua mano sull\u2019uomo della tua destra,<br \/>\n sul figlio dell\u2019uomo che per te hai reso forte.<br \/>\n Da te mai pi\u00f9 ci allontaneremo,<br \/>\n facci rivivere e noi invocheremo il tuo nome.<\/p>\n<p>Seconda lettura \u00a0<em><strong>Eb 10,5-10<\/strong><\/em><br \/>\n Ecco, io vengo per fare, o Dio, la tua volont\u00e0.<br \/>\n Dalla lettera agli Ebrei<\/p>\n<p> Fratelli,\/ entrando nel mondo,\/ Cristo dice:\/<br \/>\n \u00abTu non hai voluto\/ n\u00e9 sacrificio n\u00e9 offerta,\/\/<br \/>\n un corpo invece\/ mi hai preparato.\/\/<br \/>\n Non hai gradito\/<br \/>\n n\u00e9 olocausti n\u00e9 sacrifici per il peccato.\/\/<br \/>\n Allora ho detto:\/ \u201cEcco,\/ io vengo\/<br \/>\n \u2013 poich\u00e9 di me sta scritto nel rotolo del libro \u2013\/<br \/>\n per fare,\/ o Dio,\/ la tua volont\u00e0\u201d\u00bb.\/\/<br \/>\n Dopo aver detto:\/ \u00abTu non hai voluto e non hai gradito\/ n\u00e9 sacrifici n\u00e9 offerte,\/ n\u00e9 olocausti n\u00e9 sacrifici per il peccato\u00bb,\/ cose che vengono offerte secondo la Legge,\/ soggiunge:\/ \u00abEcco,\/ io vengo per fare la tua volont\u00e0\u00bb.\/\/ Cos\u00ec egli abolisce il primo sacrificio\/ per costituire quello nuovo.\/\/ Mediante quella volont\u00e0\/ siamo stati santificati\/ per mezzo dell\u2019offerta del corpo di Ges\u00f9 Cristo,\/ una volta per sempre.<\/p>\n<p> <a href=\"http:\/\/www.cercoiltuovolto.it\/\/wp-content\/uploads\/2009\/12\/la-visitazione.jpg\"><img loading=\"lazy\" decoding=\"async\" class=\"alignright size-medium wp-image-8617\" title=\"la visitazione\" src=\"http:\/\/www.cercoiltuovolto.it\/\/wp-content\/uploads\/2009\/12\/la-visitazione-219x300.jpg\" alt=\"la visitazione\" width=\"219\" height=\"300\" \/><\/a>Vangelo <em><strong>Lc 1,39-45<\/strong><\/em><br \/>\n A che cosa devo che la madre del mio Signore venga da me?<br \/>\n + Dal Vangelo secondo Luca<\/p>\n<p> In quei giorni Maria si alz\u00f2 e and\u00f2 in fretta verso la regione montuosa, in una citt\u00e0 di Giuda.<br \/>\n Entrata nella casa di Zaccar\u00eca, salut\u00f2 Elisabetta. Appena Elisabetta ebbe udito il saluto di Maria, il bambino sussult\u00f2 nel suo grembo. Elisabetta fu colmata di Spirito Santo ed esclam\u00f2 a gran voce: \u00abBenedetta tu fra le donne e benedetto il frutto del tuo grembo! A che cosa devo che la madre del mio Signore venga da me? Ecco, appena il tuo saluto \u00e8 giunto ai miei orecchi, il bambino ha sussultato di gioia nel mio grembo. E beata colei che ha creduto nell\u2019adempimento di ci\u00f2 che il Signore le ha detto\u00bb.<\/p>\n<\/blockquote>\n","protected":false},"excerpt":{"rendered":"<p>Di seguito i link ai file in mp3 ed il testo relativi alla Liturgia della Parola di domenica 20 dicembre 2009. Prima lettura &#8211; Mi 5,1-4a Seconda lettura &#8211; \u00a0Eb 10,5-10 Vangelo &#8211; \u00a0Lc 1,39-45 Fonte: Proclamare la Parola Prima lettura Mi 5,1-4a Da te uscir\u00e0 per me colui che deve essere il dominatore in&#8230;<\/p>\n","protected":false},"author":3,"featured_media":0,"comment_status":"closed","ping_status":"closed","sticky":false,"template":"","format":"standard","meta":{"_kad_post_transparent":"","_kad_post_title":"","_kad_post_layout":"","_kad_post_sidebar_id":"","_kad_post_content_style":"","_kad_post_vertical_padding":"","_kad_post_feature":"","_kad_post_feature_position":"","_kad_post_header":false,"_kad_post_footer":false,"_kad_post_classname":"","footnotes":""},"categories":[99,4],"tags":[96,42,61],"class_list":["post-229264","post","type-post","status-publish","format-standard","hentry","category-99","category-audio-cattolici","tag-avvento","tag-lettura-del-vangelo","tag-letture-in-mp3"],"_links":{"self":[{"href":"https:\/\/archivio.cercoiltuovolto.it\/index.php?rest_route=\/wp\/v2\/posts\/229264","targetHints":{"allow":["GET"]}}],"collection":[{"href":"https:\/\/archivio.cercoiltuovolto.it\/index.php?rest_route=\/wp\/v2\/posts"}],"about":[{"href":"https:\/\/archivio.cercoiltuovolto.it\/index.php?rest_route=\/wp\/v2\/types\/post"}],"author":[{"embeddable":true,"href":"https:\/\/archivio.cercoiltuovolto.it\/index.php?rest_route=\/wp\/v2\/users\/3"}],"replies":[{"embeddable":true,"href":"https:\/\/archivio.cercoiltuovolto.it\/index.php?rest_route=%2Fwp%2Fv2%2Fcomments&post=229264"}],"version-history":[{"count":0,"href":"https:\/\/archivio.cercoiltuovolto.it\/index.php?rest_route=\/wp\/v2\/posts\/229264\/revisions"}],"wp:attachment":[{"href":"https:\/\/archivio.cercoiltuovolto.it\/index.php?rest_route=%2Fwp%2Fv2%2Fmedia&parent=229264"}],"wp:term":[{"taxonomy":"category","embeddable":true,"href":"https:\/\/archivio.cercoiltuovolto.it\/index.php?rest_route=%2Fwp%2Fv2%2Fcategories&post=229264"},{"taxonomy":"post_tag","embeddable":true,"href":"https:\/\/archivio.cercoiltuovolto.it\/index.php?rest_route=%2Fwp%2Fv2%2Ftags&post=229264"}],"curies":[{"name":"wp","href":"https:\/\/api.w.org\/{rel}","templated":true}]}}