{"id":229255,"date":"2009-12-15T06:00:31","date_gmt":"2009-12-15T06:00:31","guid":{"rendered":"https:\/\/archivio.cercoiltuovolto.it\/?p=229255"},"modified":"2009-12-15T06:00:31","modified_gmt":"2009-12-15T06:00:31","slug":"jankelevitch-vladimir-la-morte","status":"publish","type":"post","link":"https:\/\/archivio.cercoiltuovolto.it\/?p=229255","title":{"rendered":"Jank\u00e9l\u00e9vitch Vladimir &#8211; La morte"},"content":{"rendered":"<p style=\"text-align: justify;\"><a href=\"http:\/\/www.cercoiltuovolto.it\/\/wp-content\/uploads\/2009\/12\/la-morte.jpeg\"><img loading=\"lazy\" decoding=\"async\" class=\"alignleft size-medium wp-image-8500\" title=\"Copertina\" src=\"http:\/\/www.cercoiltuovolto.it\/\/wp-content\/uploads\/2009\/12\/la-morte-194x300.jpg\" alt=\"Copertina\" width=\"194\" height=\"300\" \/><\/a>Cos&#8217;\u00e8 la morte &#8211; la morte di tutti e di ciascuno, la morte di sempre e quella marcata dai segni inquietanti del nostro tempo? Come penetrare in un evento tanto decisivo da incidere in profondo la nostra esistenza eppure tanto opaco da mettere in scacco ogni sapere volto a rappresentarlo? Sono queste le domande, brucianti ed estreme, che alla fine degli anni Cinquanta, a pochi anni dalla pi\u00f9 grande apocalisse dell&#8217;epoca moderna, si poneva Vladimir Jank\u00e9l\u00e9vitch in un libro che giustamente L\u00e9vinas ebbe a definire &#8220;sconvolgente&#8221;. Sconvolgente per la radicalit\u00e0 con cui egli decostruisce tutti i dispositivi immunitari elaborati dal sapere occidentale nei confronti dell&#8217;Irriducibile; ma anche per l&#8217;acutezza di uno sguardo, affilato e obliquo, che taglia in maniera trasversale le grandi interrogazioni sulla morte, all&#8217;epoca affrontate da Heidegger e da Freud, da Blanchot e da Foucault, ma gi\u00e0 prima da scrittori come Tolstoj e Rilke. All&#8217;interno di un grande scenario teorico, che spazia dall&#8217;antichit\u00e0 ai nostri giorni, la riflessione jank\u00e9l\u00e9vitchiana rivela una sorprendente attualit\u00e0.<\/p>\n<blockquote>\n<h3><em>Dalla trasmissione &#8220;Uomini e Profeti&#8221; di Radio Rai 3<\/em><\/h3>\n<p>06\/12\/2009 &#8211; Letture &#8216;<em>L&#8217;unica volta &#8211; Vladimir Jank\u00e9l\u00e9vitch di fronte alla morte&#8217; con Enrica Lisciani Petrini 1a puntata &#8216;Il muro opaco<\/em>&#8216;<\/p>\n<p style=\"text-align: justify;\">Il tema della morte nel pensiero del filosofo di origine russa, vissuto in Francia, Vladimir Jank\u00e9l\u00e9vitch: il capovolgimento del senso comune, la solitudine della morte, il desiderio di aiutare il morente, e la stessa impossibilit\u00e0 di farlo, le consolazioni religiose e quelle razionalistiche. In un continuo rimando alle grandi interrogazioni sulla morte affrontate da altri filosofi e scrittori, come Pascal, Tolstoj, Rilke, Ionesco, Heidegger, Freud e Foucault. Ne parliamo con la studiosa Enrica Lisciani Petrini nella prima di due puntate dedicate a Jank\u00e9l\u00e9vitch.<\/p>\n<p class=\"download\">Scarica il file mp3 della trasmissione<\/p>\n<\/blockquote>\n<p class=\"sito-web\">Link utili: <a href=\"http:\/\/www.radio.rai.it\/radio3\/uomini_profeti\/view.cfm?Q_EV_ID=305263\" target=\"_blank\">Uomini e Profeti<\/a> | file <a href=\"http:\/\/www.radio.rai.it\/radio3\/uomini_profeti\/archivio_2009\/audio\/uomini_profeti2009_12_06.ram\">Real Audio Media<\/a><\/p>\n<p class=\"acquista-paragrafo\"><a href=\"http:\/\/www.libreriadelsanto.it\/libri\/9788806195366\/la-morte.html?p=sot\" target=\"_blank\">Acquista il libro<\/a> su Libreria del Santo<\/p>\n","protected":false},"excerpt":{"rendered":"<p>Cos&#8217;\u00e8 la morte &#8211; la morte di tutti e di ciascuno, la morte di sempre e quella marcata dai segni inquietanti del nostro tempo? Come penetrare in un evento tanto decisivo da incidere in profondo la nostra esistenza eppure tanto opaco da mettere in scacco ogni sapere volto a rappresentarlo? Sono queste le domande, brucianti&#8230;<\/p>\n","protected":false},"author":3,"featured_media":0,"comment_status":"closed","ping_status":"closed","sticky":false,"template":"","format":"standard","meta":{"_kad_post_transparent":"","_kad_post_title":"","_kad_post_layout":"","_kad_post_sidebar_id":"","_kad_post_content_style":"","_kad_post_vertical_padding":"","_kad_post_feature":"","_kad_post_feature_position":"","_kad_post_header":false,"_kad_post_footer":false,"_kad_post_classname":"","footnotes":""},"categories":[99,3],"tags":[17,289,79],"class_list":["post-229255","post","type-post","status-publish","format-standard","hentry","category-99","category-libri","tag-libri","tag-morte","tag-persone"],"_links":{"self":[{"href":"https:\/\/archivio.cercoiltuovolto.it\/index.php?rest_route=\/wp\/v2\/posts\/229255","targetHints":{"allow":["GET"]}}],"collection":[{"href":"https:\/\/archivio.cercoiltuovolto.it\/index.php?rest_route=\/wp\/v2\/posts"}],"about":[{"href":"https:\/\/archivio.cercoiltuovolto.it\/index.php?rest_route=\/wp\/v2\/types\/post"}],"author":[{"embeddable":true,"href":"https:\/\/archivio.cercoiltuovolto.it\/index.php?rest_route=\/wp\/v2\/users\/3"}],"replies":[{"embeddable":true,"href":"https:\/\/archivio.cercoiltuovolto.it\/index.php?rest_route=%2Fwp%2Fv2%2Fcomments&post=229255"}],"version-history":[{"count":0,"href":"https:\/\/archivio.cercoiltuovolto.it\/index.php?rest_route=\/wp\/v2\/posts\/229255\/revisions"}],"wp:attachment":[{"href":"https:\/\/archivio.cercoiltuovolto.it\/index.php?rest_route=%2Fwp%2Fv2%2Fmedia&parent=229255"}],"wp:term":[{"taxonomy":"category","embeddable":true,"href":"https:\/\/archivio.cercoiltuovolto.it\/index.php?rest_route=%2Fwp%2Fv2%2Fcategories&post=229255"},{"taxonomy":"post_tag","embeddable":true,"href":"https:\/\/archivio.cercoiltuovolto.it\/index.php?rest_route=%2Fwp%2Fv2%2Ftags&post=229255"}],"curies":[{"name":"wp","href":"https:\/\/api.w.org\/{rel}","templated":true}]}}