{"id":229251,"date":"2009-12-13T13:53:35","date_gmt":"2009-12-13T13:53:35","guid":{"rendered":"https:\/\/archivio.cercoiltuovolto.it\/?p=229251"},"modified":"2009-12-13T13:53:35","modified_gmt":"2009-12-13T13:53:35","slug":"angelus-del-13-dicembre-2009-in-mp3","status":"publish","type":"post","link":"https:\/\/archivio.cercoiltuovolto.it\/?p=229251","title":{"rendered":"Angelus del 13 dicembre 2009 in mp3"},"content":{"rendered":"<p style=\"text-align: justify;\"><a href=\"http:\/\/www.cercoiltuovolto.it\/\/wp-content\/uploads\/2009\/12\/or1029531.jpg\"><img loading=\"lazy\" decoding=\"async\" class=\"alignleft size-medium wp-image-8562\" title=\"Benedetto XVI\" src=\"http:\/\/www.cercoiltuovolto.it\/\/wp-content\/uploads\/2009\/12\/or1029531-199x300.jpg\" alt=\"Benedetto XVI\" width=\"199\" height=\"300\" \/><\/a>Cari fratelli e sorelle!<\/p>\n<p style=\"text-align: justify;\">Siamo ormai alla terza domenica di Avvento. Oggi nella liturgia riecheggia l\u2019invito dell\u2019apostolo Paolo: &#8220;Siate sempre lieti nel Signore, ve lo ripeto: siate lieti \u2026 il Signore \u00e8 vicino!&#8221; (Fil 4,4-5). La madre Chiesa, mentre ci accompagna verso il santo Natale, ci aiuta a riscoprire il senso e il gusto della gioia cristiana, cos\u00ec diversa da quella del mondo. In questa domenica, secondo una bella tradizione, i bambini di Roma vengono a far benedire dal Papa le statuine di Ges\u00f9 Bambino, che porranno nei loro presepi. E, infatti, vedo qui in Piazza San Pietro tanti bambini e ragazzi, insieme con i genitori, gli insegnanti e i catechisti. Carissimi, vi saluto tutti con grande affetto e vi ringrazio di essere venuti. \u00c8 per me motivo di gioia sapere che nelle vostre famiglie si conserva l\u2019usanza di fare il presepe. Per\u00f2 non basta ripetere un gesto tradizionale, per quanto importante. Bisogna cercare di vivere nella realt\u00e0 di tutti i giorni quello che il presepe rappresenta, cio\u00e8 l\u2019amore di Cristo, la sua umilt\u00e0, la sua povert\u00e0. \u00c8 ci\u00f2 che fece san Francesco a Greccio: rappresent\u00f2 dal vivo la scena della Nativit\u00e0, per poterla contemplare e adorare, ma soprattutto per saper meglio mettere in pratica il messaggio del Figlio di Dio, che per amore nostro si \u00e8 spogliato di tutto e si \u00e8 fatto piccolo bambino.[Leggi tutto il messaggio]<em>\u00a9 Copyright 2009 &#8211; Libreria  Editrice Vaticana<\/em><\/p>\n<h3>Ascolta il messaggio del S. padre<\/h3>\n<p style=\"text-align: justify;\"><img decoding=\"async\" style=\"vertical-align: middle;border=0\" title=\"Link\" src=\"http:\/\/www.cercoiltuovolto.it\/\/images\/web.png\" alt=\"Link\" \/> <strong>Fonte<\/strong>: Radio Vaticana via FeedRss | <strong>Fotografia<\/strong>: <a href=\"https:\/\/www.photo.va\/\" target=\"_blank\">Osservatore Romano<\/a><span style=\"font-size: xx-small;\"><em> (The content of this podcast is copyrighted by Vatican Radio which, according to  its statute, is entrusted to manage and protect the sound recordings of the  Roman Pontiff, ensuring that their pastoral character and intellectual  property&#8217;s rights are protected when used by third parties. The content of this  podcast is made available only for personal and private use and cannot be  exploited for commercial purposes, without prior written authorization by  Vatican Radio. For further information, please contact the International  Relation Office at relint@vatiradio.va)<\/em><\/span><\/p>\n","protected":false},"excerpt":{"rendered":"<p>Cari fratelli e sorelle! Siamo ormai alla terza domenica di Avvento. Oggi nella liturgia riecheggia l\u2019invito dell\u2019apostolo Paolo: &#8220;Siate sempre lieti nel Signore, ve lo ripeto: siate lieti \u2026 il Signore \u00e8 vicino!&#8221; (Fil 4,4-5). La madre Chiesa, mentre ci accompagna verso il santo Natale, ci aiuta a riscoprire il senso e il gusto della&#8230;<\/p>\n","protected":false},"author":3,"featured_media":0,"comment_status":"closed","ping_status":"closed","sticky":false,"template":"","format":"standard","meta":{"_kad_post_transparent":"","_kad_post_title":"","_kad_post_layout":"","_kad_post_sidebar_id":"","_kad_post_content_style":"","_kad_post_vertical_padding":"","_kad_post_feature":"","_kad_post_feature_position":"","_kad_post_header":false,"_kad_post_footer":false,"_kad_post_classname":"","footnotes":""},"categories":[99,114],"tags":[115,96,73],"class_list":["post-229251","post","type-post","status-publish","format-standard","hentry","category-99","category-angelus","tag-audio","tag-avvento","tag-benedetto-xvi"],"_links":{"self":[{"href":"https:\/\/archivio.cercoiltuovolto.it\/index.php?rest_route=\/wp\/v2\/posts\/229251","targetHints":{"allow":["GET"]}}],"collection":[{"href":"https:\/\/archivio.cercoiltuovolto.it\/index.php?rest_route=\/wp\/v2\/posts"}],"about":[{"href":"https:\/\/archivio.cercoiltuovolto.it\/index.php?rest_route=\/wp\/v2\/types\/post"}],"author":[{"embeddable":true,"href":"https:\/\/archivio.cercoiltuovolto.it\/index.php?rest_route=\/wp\/v2\/users\/3"}],"replies":[{"embeddable":true,"href":"https:\/\/archivio.cercoiltuovolto.it\/index.php?rest_route=%2Fwp%2Fv2%2Fcomments&post=229251"}],"version-history":[{"count":0,"href":"https:\/\/archivio.cercoiltuovolto.it\/index.php?rest_route=\/wp\/v2\/posts\/229251\/revisions"}],"wp:attachment":[{"href":"https:\/\/archivio.cercoiltuovolto.it\/index.php?rest_route=%2Fwp%2Fv2%2Fmedia&parent=229251"}],"wp:term":[{"taxonomy":"category","embeddable":true,"href":"https:\/\/archivio.cercoiltuovolto.it\/index.php?rest_route=%2Fwp%2Fv2%2Fcategories&post=229251"},{"taxonomy":"post_tag","embeddable":true,"href":"https:\/\/archivio.cercoiltuovolto.it\/index.php?rest_route=%2Fwp%2Fv2%2Ftags&post=229251"}],"curies":[{"name":"wp","href":"https:\/\/api.w.org\/{rel}","templated":true}]}}