{"id":229224,"date":"2009-12-11T06:00:34","date_gmt":"2009-12-11T06:00:34","guid":{"rendered":"https:\/\/archivio.cercoiltuovolto.it\/?p=229224"},"modified":"2009-12-11T06:00:34","modified_gmt":"2009-12-11T06:00:34","slug":"leditoria-religiosa","status":"publish","type":"post","link":"https:\/\/archivio.cercoiltuovolto.it\/?p=229224","title":{"rendered":"L&#8217;editoria religiosa"},"content":{"rendered":"<p style=\"text-align: justify;\">Dal 2000 a oggi \u00e8 cresciuta del 13,8%, in base all\u2019indagine dell\u2019Ufficio studi AIE per UELCI (Unione editori e librai cattolici), la domanda di lettura di libri su tematiche \u201creligiose\u201d. I lettori che all\u2019inizio decennio erano 2,650 milioni sono passati a oltre 3 milioni (3,015milioni per la precisione, il 12,5% dei lettori di \u201calmeno un libro nei 12 mesi precedenti\u201d). L\u2019incremento \u00e8 molto superiore alla crescita media fatta registrare dalla lettura nel nostro Paese nello stesso arco di anni.<\/p>\n<p style=\"text-align: justify;\">Nella stessa indagine si evidenzia come il pubblico interessato sia sempre pi\u00f9 giovane e che nello stesso tempo ci sia una certa mobilit\u00e0 al suo interno. Non si tratta pi\u00f9 semplicemente di anziani devoti, di credenti maturi o di persone in ricerca spirituale ma anche di lettori medi non specificamente riconducibili a esperienze di ricerca (o di rifiuto) del sacro ma interessati a temi eticamente \u201csensibili\u201d, come la bioetica, l\u2019istruzione, la famiglia, tutti ambiti nel quale il mondo cattolico ha molto da dire e spesso trova difficolt\u00e0 nel superare steccati e vincere stereotipi. Per questo occorre forse un rilancio di profezia, un investimento di contenuti forti che non si limiti alla ricerca dei grandi nomi, spesso sempre pi\u00f9 \u201csfilati\u201d dalle case editrici tradizionalmente \u201cLaiche\u201d e il cui catalogo di tematiche \u201creligiose\u201d va progressivamente aumentando. Vi offriamo nell\u2019ordine alcune riflessioni di esperti come Giovanni Peresson che ha condotto la ricerca ed \u00e8 direttore del centro studi dell\u2019Aie, di Enzo Pagano, libraio e autore in proprio di un approfondimento statistico sul medesimo settore, e di due editori cattolici, Donato Falmi, direttore editoriale di Citt\u00e0 Nuova e Giacomo Perego, reponsabile del settore biblico della San Paolo.<\/p>\n<p style=\"text-align: center;\">\n<p class=\"information\" style=\"text-align: justify;\">Fonte: <a href=\"http:\/\/www.lacompagniadellibro.tv2000.it\/articolo.php?id=511\" target=\"_blank\">La compagnia del libro<\/a><\/p>\n","protected":false},"excerpt":{"rendered":"<p>Dal 2000 a oggi \u00e8 cresciuta del 13,8%, in base all\u2019indagine dell\u2019Ufficio studi AIE per UELCI (Unione editori e librai cattolici), la domanda di lettura di libri su tematiche \u201creligiose\u201d. I lettori che all\u2019inizio decennio erano 2,650 milioni sono passati a oltre 3 milioni (3,015milioni per la precisione, il 12,5% dei lettori di \u201calmeno un&#8230;<\/p>\n","protected":false},"author":3,"featured_media":0,"comment_status":"closed","ping_status":"closed","sticky":false,"template":"","format":"standard","meta":{"_kad_post_transparent":"","_kad_post_title":"","_kad_post_layout":"","_kad_post_sidebar_id":"","_kad_post_content_style":"","_kad_post_vertical_padding":"","_kad_post_feature":"","_kad_post_feature_position":"","_kad_post_header":false,"_kad_post_footer":false,"_kad_post_classname":"","footnotes":""},"categories":[99,3],"tags":[24,113],"class_list":["post-229224","post","type-post","status-publish","format-standard","hentry","category-99","category-libri","tag-televisione","tag-video"],"_links":{"self":[{"href":"https:\/\/archivio.cercoiltuovolto.it\/index.php?rest_route=\/wp\/v2\/posts\/229224","targetHints":{"allow":["GET"]}}],"collection":[{"href":"https:\/\/archivio.cercoiltuovolto.it\/index.php?rest_route=\/wp\/v2\/posts"}],"about":[{"href":"https:\/\/archivio.cercoiltuovolto.it\/index.php?rest_route=\/wp\/v2\/types\/post"}],"author":[{"embeddable":true,"href":"https:\/\/archivio.cercoiltuovolto.it\/index.php?rest_route=\/wp\/v2\/users\/3"}],"replies":[{"embeddable":true,"href":"https:\/\/archivio.cercoiltuovolto.it\/index.php?rest_route=%2Fwp%2Fv2%2Fcomments&post=229224"}],"version-history":[{"count":0,"href":"https:\/\/archivio.cercoiltuovolto.it\/index.php?rest_route=\/wp\/v2\/posts\/229224\/revisions"}],"wp:attachment":[{"href":"https:\/\/archivio.cercoiltuovolto.it\/index.php?rest_route=%2Fwp%2Fv2%2Fmedia&parent=229224"}],"wp:term":[{"taxonomy":"category","embeddable":true,"href":"https:\/\/archivio.cercoiltuovolto.it\/index.php?rest_route=%2Fwp%2Fv2%2Fcategories&post=229224"},{"taxonomy":"post_tag","embeddable":true,"href":"https:\/\/archivio.cercoiltuovolto.it\/index.php?rest_route=%2Fwp%2Fv2%2Ftags&post=229224"}],"curies":[{"name":"wp","href":"https:\/\/api.w.org\/{rel}","templated":true}]}}