{"id":229219,"date":"2009-12-09T18:36:42","date_gmt":"2009-12-09T18:36:42","guid":{"rendered":"https:\/\/archivio.cercoiltuovolto.it\/?p=229219"},"modified":"2009-12-09T18:36:42","modified_gmt":"2009-12-09T18:36:42","slug":"udienza-generale-del-9-dicembre-2009-in-mp3","status":"publish","type":"post","link":"https:\/\/archivio.cercoiltuovolto.it\/?p=229219","title":{"rendered":"&#8220;Udienza Generale&#8221; del 9 dicembre 2009 in mp3"},"content":{"rendered":"<p style=\"text-align: justify;\"><strong><a href=\"http:\/\/www.cercoiltuovolto.it\/\/wp-content\/uploads\/2009\/12\/or1029535.jpg\"><img loading=\"lazy\" decoding=\"async\" class=\"alignright size-medium wp-image-8427\" title=\"S.S. Benedetto XVI - udienza generale in Aula Paolo VI\" src=\"http:\/\/www.cercoiltuovolto.it\/\/wp-content\/uploads\/2009\/12\/or1029535-300x199.jpg\" alt=\"S.S. Benedetto XVI - udienza generale in Aula Paolo VI\" width=\"300\" height=\"199\" \/><\/a>Ruperto di Deutz<\/strong><\/p>\n<p style=\"text-align: justify;\"><em>Cari fratelli e sorelle<\/em>,<br \/>\n oggi facciamo conoscenza di un altro monaco benedettino del dodicesimo secolo. Il suo nome \u00e8 Ruperto di Deutz, una citt\u00e0 vicina a Colonia, sede di un famoso monastero. Ruperto stesso parla della propria vita in una delle sue opere pi\u00f9 importanti, intitolata La gloria e l\u2019onore del Figlio dell\u2019uomo, che \u00e8 un commento parziale al Vangelo di Matteo. Ancora bambino, egli fu accolto come \u201coblato\u201d nel monastero benedettino di San Lorenzo a Liegi, secondo l\u2019usanza dell\u2019epoca di affidare uno dei figli all\u2019educazione dei monaci, intendendo farne un dono a Dio. Ruperto am\u00f2 sempre la vita monastica. Apprese ben presto la lingua latina per studiare la Bibbia e per godere delle celebrazioni liturgiche. Si distinse per l\u2019integerrima dirittura morale e per il forte attaccamento alla Sede di san Pietro. [<a href=\"http:\/\/www.vatican.va\/holy_father\/benedict_xvi\/audiences\/2009\/documents\/hf_ben-xvi_aud_20091209_it.html\" target=\"_blank\">Leggi tutto il messaggio<\/a>] <em>\u00a9 Copyright 2009 &#8211; Libreria  Editrice Vaticana<\/em><\/p>\n<p>[powerpress]<\/p>\n<p class=\"info\">Link al video ufficiale (richiede Apple Quick Time)<\/p>\n<p style=\"text-align: justify;\"><img loading=\"lazy\" decoding=\"async\" style=\"border: 0pt none; vertical-align: middle;\" title=\"Link\" src=\"http:\/\/www.cercoiltuovolto.it\/\/images\/web.png\" alt=\"Link\" width=\"24\" height=\"24\" \/> Fonte del podcast: <strong>Radio Vaticana<\/strong> via FeedRss | <strong>Foto<\/strong>: <a href=\"https:\/\/www.photo.va\" target=\"_blank\">Osservatore Romano<br \/>\n <\/a><span style=\"font-size: xx-small;\"><em>(The content of this podcast is copyrighted by Vatican Radio which, according to  its statute, is entrusted to manage and protect the sound recordings of the  Roman Pontiff, ensuring that their pastoral character and intellectual  property&#8217;s rights are protected when used by third parties. The content of this  podcast is made available only for personal and private use and cannot be  exploited for commercial purposes, without prior written authorization by  Vatican Radio. For further information, please contact the International  Relation Office at relint@vatiradio.va)<\/em><\/span><\/p>\n","protected":false},"excerpt":{"rendered":"<p>Ruperto di Deutz Cari fratelli e sorelle, oggi facciamo conoscenza di un altro monaco benedettino del dodicesimo secolo. Il suo nome \u00e8 Ruperto di Deutz, una citt\u00e0 vicina a Colonia, sede di un famoso monastero. Ruperto stesso parla della propria vita in una delle sue opere pi\u00f9 importanti, intitolata La gloria e l\u2019onore del Figlio&#8230;<\/p>\n","protected":false},"author":3,"featured_media":0,"comment_status":"closed","ping_status":"closed","sticky":false,"template":"","format":"standard","meta":{"_kad_post_transparent":"","_kad_post_title":"","_kad_post_layout":"","_kad_post_sidebar_id":"","_kad_post_content_style":"","_kad_post_vertical_padding":"","_kad_post_feature":"","_kad_post_feature_position":"","_kad_post_header":false,"_kad_post_footer":false,"_kad_post_classname":"","footnotes":""},"categories":[99,4],"tags":[73,65],"class_list":["post-229219","post","type-post","status-publish","format-standard","hentry","category-99","category-audio-cattolici","tag-benedetto-xvi","tag-udienza-generale"],"_links":{"self":[{"href":"https:\/\/archivio.cercoiltuovolto.it\/index.php?rest_route=\/wp\/v2\/posts\/229219","targetHints":{"allow":["GET"]}}],"collection":[{"href":"https:\/\/archivio.cercoiltuovolto.it\/index.php?rest_route=\/wp\/v2\/posts"}],"about":[{"href":"https:\/\/archivio.cercoiltuovolto.it\/index.php?rest_route=\/wp\/v2\/types\/post"}],"author":[{"embeddable":true,"href":"https:\/\/archivio.cercoiltuovolto.it\/index.php?rest_route=\/wp\/v2\/users\/3"}],"replies":[{"embeddable":true,"href":"https:\/\/archivio.cercoiltuovolto.it\/index.php?rest_route=%2Fwp%2Fv2%2Fcomments&post=229219"}],"version-history":[{"count":0,"href":"https:\/\/archivio.cercoiltuovolto.it\/index.php?rest_route=\/wp\/v2\/posts\/229219\/revisions"}],"wp:attachment":[{"href":"https:\/\/archivio.cercoiltuovolto.it\/index.php?rest_route=%2Fwp%2Fv2%2Fmedia&parent=229219"}],"wp:term":[{"taxonomy":"category","embeddable":true,"href":"https:\/\/archivio.cercoiltuovolto.it\/index.php?rest_route=%2Fwp%2Fv2%2Fcategories&post=229219"},{"taxonomy":"post_tag","embeddable":true,"href":"https:\/\/archivio.cercoiltuovolto.it\/index.php?rest_route=%2Fwp%2Fv2%2Ftags&post=229219"}],"curies":[{"name":"wp","href":"https:\/\/api.w.org\/{rel}","templated":true}]}}