{"id":229215,"date":"2009-12-11T12:12:08","date_gmt":"2009-12-11T12:12:08","guid":{"rendered":"https:\/\/archivio.cercoiltuovolto.it\/?p=229215"},"modified":"2009-12-11T12:12:08","modified_gmt":"2009-12-11T12:12:08","slug":"dio-oggi-con-lui-o-senza-di-lui-cambia-tutto","status":"publish","type":"post","link":"https:\/\/archivio.cercoiltuovolto.it\/?p=229215","title":{"rendered":"&#8220;Dio Oggi. Con Lui o senza di Lui cambia tutto&#8221;"},"content":{"rendered":"<p style=\"text-align: justify;\"><a href=\"http:\/\/www.cercoiltuovolto.it\/\/wp-content\/uploads\/2009\/12\/dio-oggi.jpg\"><img loading=\"lazy\" decoding=\"async\" class=\"alignleft size-medium wp-image-8403\" title=\"Una immagine della conferenza stampa\" src=\"http:\/\/www.cercoiltuovolto.it\/\/wp-content\/uploads\/2009\/12\/dio-oggi-300x197.jpg\" alt=\"Una immagine della conferenza stampa\" width=\"300\" height=\"197\" \/><\/a>Si \u00e8 tenuta a Roma, in Campidoglio, (Sala delle Bandiere) alle ore 11.00 del 4 dicembre 2009 la Conferenza Stampa di presentazione dell\u2019evento internazionale \u201c<strong><em>Dio Oggi. Con Lui o senza di Lui cambia tutto<\/em><\/strong>\u201d. L\u2019evento \u00e8 promosso dal Comitato per il progetto culturale della CEI con il patrocinio del Comune di Roma.<\/p>\n<p style=\"text-align: justify;\">Sono intervenuti: il Card. Camillo Ruini, Presidente del Comitato per il Progetto culturale della CEI; il Sindaco di Roma Gianni Alemanno; il Prof. Andrea Riccardi, ordinario di Storia contemporanea all\u2019Universit\u00e0 Roma Tre e Fondatore della Comunit\u00e0 di Sant\u2019Egidio; il Prof. Sergio Belardinelli, Docente di sociologia dei processi culturali, all\u2019Universit\u00e0 di Bologna e Coord. Staff di lavoro Comitato per il progetto culturale della CEI; Modera Mons. Domenico Pompili, Sottosegretario e Portavoce della CEI.<\/p>\n<blockquote>\n<h2>Presentazione<\/h2>\n<p style=\"text-align: justify;\">Con l\u2019appuntamento del 10-12 dicembre 2009, a Roma, l\u2019intento del Comitato per il progetto culturale \u00e8 quello di offrire a tutti un\u2019occasione di incontro e riflessione su un tema che impegna a fondo il pensiero, la vita, la concreta esperienza delle singole persone e delle comunit\u00e0.<\/p>\n<p style=\"text-align: justify;\">Cos\u00ec si \u00e8 scelto di parlare di Dio e di farlo con la convinzione profonda che non c\u2019\u00e8 ambito della vita umana che non venga toccato da una simile \u201cquestione\u201d. Che si parli di filosofia, di arte, di scienza, di politica, di letteratura o del modo in cui ciascuno di noi conduce la sua povera vita, \u00e8 Dio che fa la differenza. \u00c8 Dio che rappresenta il punto cruciale, ci\u00f2 rispetto a cui l\u2019intero universo acquista questa o quella luce, un significato o un altro.<\/p>\n<p style=\"text-align: justify;\">Non si tratta di un convegno in senso stretto; sono previste alcune relazioni magistrali, ma nelle quattro mezze giornate in cui si articoler\u00e0 l\u2019evento si terranno anche presentazioni di libri, esecuzioni di brani musicali, esposizioni d\u2019opere d\u2019arte, proiezioni cinematografiche, conversazioni, alle quali partecipano personalit\u00e0 eminenti sia del cosiddetto mondo laico, sia di quello cattolico.<\/p>\n<p style=\"text-align: justify;\">Il desiderio \u00e8 che l\u2019opinione pubblica colga l\u2019importanza di questo tema per tutti, laici e cattolici, e che sia anche un buon motivo per confermare la vitalit\u00e0 della cultura cattolica nel nostro Paese.<\/p>\n<\/blockquote>\n<p class=\"film\"><a href=\"mms:\/\/mediaserver.glauco.it\/VOD\/progcult\/confstampadiooggi.wmv\" target=\"_blank\">Link diretto al video<\/a><\/p>\n<p class=\"information\">Maggiori informazioni con <strong>tutti i video e la diretta<\/strong>: Progetto Culturale<br class=\"spacer_\" \/><\/p>\n","protected":false},"excerpt":{"rendered":"<p>Si \u00e8 tenuta a Roma, in Campidoglio, (Sala delle Bandiere) alle ore 11.00 del 4 dicembre 2009 la Conferenza Stampa di presentazione dell\u2019evento internazionale \u201cDio Oggi. Con Lui o senza di Lui cambia tutto\u201d. L\u2019evento \u00e8 promosso dal Comitato per il progetto culturale della CEI con il patrocinio del Comune di Roma. Sono intervenuti: il&#8230;<\/p>\n","protected":false},"author":3,"featured_media":0,"comment_status":"closed","ping_status":"closed","sticky":false,"template":"","format":"standard","meta":{"_kad_post_transparent":"","_kad_post_title":"","_kad_post_layout":"","_kad_post_sidebar_id":"","_kad_post_content_style":"","_kad_post_vertical_padding":"","_kad_post_feature":"","_kad_post_feature_position":"","_kad_post_header":false,"_kad_post_footer":false,"_kad_post_classname":"","footnotes":""},"categories":[99,122],"tags":[117,154,113],"class_list":["post-229215","post","type-post","status-publish","format-standard","hentry","category-99","category-conferenze","tag-incontri","tag-iniziative","tag-video"],"_links":{"self":[{"href":"https:\/\/archivio.cercoiltuovolto.it\/index.php?rest_route=\/wp\/v2\/posts\/229215","targetHints":{"allow":["GET"]}}],"collection":[{"href":"https:\/\/archivio.cercoiltuovolto.it\/index.php?rest_route=\/wp\/v2\/posts"}],"about":[{"href":"https:\/\/archivio.cercoiltuovolto.it\/index.php?rest_route=\/wp\/v2\/types\/post"}],"author":[{"embeddable":true,"href":"https:\/\/archivio.cercoiltuovolto.it\/index.php?rest_route=\/wp\/v2\/users\/3"}],"replies":[{"embeddable":true,"href":"https:\/\/archivio.cercoiltuovolto.it\/index.php?rest_route=%2Fwp%2Fv2%2Fcomments&post=229215"}],"version-history":[{"count":0,"href":"https:\/\/archivio.cercoiltuovolto.it\/index.php?rest_route=\/wp\/v2\/posts\/229215\/revisions"}],"wp:attachment":[{"href":"https:\/\/archivio.cercoiltuovolto.it\/index.php?rest_route=%2Fwp%2Fv2%2Fmedia&parent=229215"}],"wp:term":[{"taxonomy":"category","embeddable":true,"href":"https:\/\/archivio.cercoiltuovolto.it\/index.php?rest_route=%2Fwp%2Fv2%2Fcategories&post=229215"},{"taxonomy":"post_tag","embeddable":true,"href":"https:\/\/archivio.cercoiltuovolto.it\/index.php?rest_route=%2Fwp%2Fv2%2Ftags&post=229215"}],"curies":[{"name":"wp","href":"https:\/\/api.w.org\/{rel}","templated":true}]}}