{"id":229210,"date":"2009-12-09T09:15:05","date_gmt":"2009-12-09T09:15:05","guid":{"rendered":"https:\/\/archivio.cercoiltuovolto.it\/?p=229210"},"modified":"2009-12-09T09:15:05","modified_gmt":"2009-12-09T09:15:05","slug":"luomo-interiore","status":"publish","type":"post","link":"https:\/\/archivio.cercoiltuovolto.it\/?p=229210","title":{"rendered":"L&#8217;uomo interiore"},"content":{"rendered":"<p style=\"text-align: justify;\"><a href=\"http:\/\/www.cercoiltuovolto.it\/\/wp-content\/uploads\/2009\/12\/l-uomo-interiore.jpg\"><img loading=\"lazy\" decoding=\"async\" class=\"alignleft size-full wp-image-8388\" title=\"l-uomo-interiore\" src=\"http:\/\/www.cercoiltuovolto.it\/\/wp-content\/uploads\/2009\/12\/l-uomo-interiore.jpg\" alt=\"l-uomo-interiore\" width=\"200\" height=\"286\" \/><\/a>&#8220;Alla scoperta dell&#8217;uomo nascosto del cuore&#8221;.<\/p>\n<p style=\"text-align: justify;\">Nei confronti della vita interiore la nostra epoca sembra combattuta tra due atteggiamenti opposti. Da un lato \u00e8 ossessionata dal desiderio di conoscerla, dall&#8217;altro sembra proprio che incontri particolare difficolt\u00e0 ad abbandonarvisi. Perch\u00e9? Dio si \u00e0 forse ritirato in questo inizio del terzo millennio? Oppure siamo noi a non saper pi\u00f9 n\u00e9 ascoltare n\u00e9 discernere? Sicuramente Dio non c&#8217;entra. Egli ha fame e sete di uomini e di donne ai quali donarsi senza restrizioni.<\/p>\n<p style=\"text-align: justify;\">Ci sono per\u00f2 tre fattori che oggi ci rendono pi\u00f9 difficile accostarci all&#8217;esperienza spirituale: l&#8217;evangelo ridotto a un&#8217;ideologia, l&#8217;evangelo ridotto ad attivismo, l&#8217;evangelo ridotto a legalismo moralista.<\/p>\n<p style=\"text-align: justify;\">Ma quando giungiamo al cuore dell&#8217;evangelo siamo raggiunti e afferrati dall&#8217;amore di Dio cos\u00ec da essere elevati da lui al di l\u00e0 di noi stessi, per sfociare e sprofondare eternamente in lui (Ruusbroec).<\/p>\n<p style=\"text-align: justify;\">In certi momenti sentiamo, nella fede,<br \/>\n che esiste in noi un luogo segreto,<br \/>\n nel quale la preghiera non si interrompe mai.<br \/>\n Dio in esso ci interpella continuamente,<br \/>\n e noi in quel luogo<br \/>\n sperimentiamo di essere legati a lui.<\/p>\n<p style=\"text-align: justify;\"><strong>Andr\u00e9 Louf<\/strong>, abate per oltre trent&#8217;anni dell&#8217;Abbazia trappista di Mont-des-Cats, \u00e8 uno dei pi\u00f9 autorevoli maestri spirituali del nostro tempo. Presso le edizioni Qiqajon ha gi\u00e0 pubblicato diversi volumi sulla vita spirituale cristiana e inoltre Cantare la vita e L&#8217;umilt\u00e0.<\/p>\n<blockquote>\n<h3>Ascolta l&#8217;intervento di Don Marco Busca docente di teologia in Seminario e all&#8217;Universit\u00e0 Cattolica*<\/h3>\n<p>[powerpress]<\/p><\/blockquote>\n<p class=\"sito-web\">* Link utili: <a href=\"http:\/\/www.radiovoce.it\/podcast_dettagli.php?get_id=2755\" target=\"_blank\">Radio Voce in Blu<\/a><\/p>\n<p class=\"acquista-paragrafo\"><a href=\"http:\/\/www.libreriadelsanto.it\/libri\/9788882272432\/luomo-interiore.html?p=sot\" target=\"_blank\">Acquista il libro<\/a> su Libreria del Santo<\/p>\n","protected":false},"excerpt":{"rendered":"<p>&#8220;Alla scoperta dell&#8217;uomo nascosto del cuore&#8221;. Nei confronti della vita interiore la nostra epoca sembra combattuta tra due atteggiamenti opposti. Da un lato \u00e8 ossessionata dal desiderio di conoscerla, dall&#8217;altro sembra proprio che incontri particolare difficolt\u00e0 ad abbandonarvisi. Perch\u00e9? Dio si \u00e0 forse ritirato in questo inizio del terzo millennio? Oppure siamo noi a non&#8230;<\/p>\n","protected":false},"author":3,"featured_media":0,"comment_status":"closed","ping_status":"closed","sticky":false,"template":"","format":"standard","meta":{"_kad_post_transparent":"","_kad_post_title":"","_kad_post_layout":"","_kad_post_sidebar_id":"","_kad_post_content_style":"","_kad_post_vertical_padding":"","_kad_post_feature":"","_kad_post_feature_position":"","_kad_post_header":false,"_kad_post_footer":false,"_kad_post_classname":"","footnotes":""},"categories":[99,3],"tags":[17,86],"class_list":["post-229210","post","type-post","status-publish","format-standard","hentry","category-99","category-libri","tag-libri","tag-spiritualita"],"_links":{"self":[{"href":"https:\/\/archivio.cercoiltuovolto.it\/index.php?rest_route=\/wp\/v2\/posts\/229210","targetHints":{"allow":["GET"]}}],"collection":[{"href":"https:\/\/archivio.cercoiltuovolto.it\/index.php?rest_route=\/wp\/v2\/posts"}],"about":[{"href":"https:\/\/archivio.cercoiltuovolto.it\/index.php?rest_route=\/wp\/v2\/types\/post"}],"author":[{"embeddable":true,"href":"https:\/\/archivio.cercoiltuovolto.it\/index.php?rest_route=\/wp\/v2\/users\/3"}],"replies":[{"embeddable":true,"href":"https:\/\/archivio.cercoiltuovolto.it\/index.php?rest_route=%2Fwp%2Fv2%2Fcomments&post=229210"}],"version-history":[{"count":0,"href":"https:\/\/archivio.cercoiltuovolto.it\/index.php?rest_route=\/wp\/v2\/posts\/229210\/revisions"}],"wp:attachment":[{"href":"https:\/\/archivio.cercoiltuovolto.it\/index.php?rest_route=%2Fwp%2Fv2%2Fmedia&parent=229210"}],"wp:term":[{"taxonomy":"category","embeddable":true,"href":"https:\/\/archivio.cercoiltuovolto.it\/index.php?rest_route=%2Fwp%2Fv2%2Fcategories&post=229210"},{"taxonomy":"post_tag","embeddable":true,"href":"https:\/\/archivio.cercoiltuovolto.it\/index.php?rest_route=%2Fwp%2Fv2%2Ftags&post=229210"}],"curies":[{"name":"wp","href":"https:\/\/api.w.org\/{rel}","templated":true}]}}