{"id":229209,"date":"2009-12-07T22:53:02","date_gmt":"2009-12-07T22:53:02","guid":{"rendered":"https:\/\/archivio.cercoiltuovolto.it\/?p=229209"},"modified":"2009-12-07T22:53:02","modified_gmt":"2009-12-07T22:53:02","slug":"angelus-del-6-dicembre-2009-in-mp3","status":"publish","type":"post","link":"https:\/\/archivio.cercoiltuovolto.it\/?p=229209","title":{"rendered":"Angelus del 6 dicembre 2009 in mp3"},"content":{"rendered":"<p style=\"text-align: justify;\"><em><a href=\"http:\/\/www.cercoiltuovolto.it\/\/wp-content\/uploads\/2009\/12\/or1028160.jpg\"><img loading=\"lazy\" decoding=\"async\" class=\"alignleft size-medium wp-image-8383\" title=\"SS Benedetto XVI- Piazza San Pietro - Angelus - 06-12-200\" src=\"http:\/\/www.cercoiltuovolto.it\/\/wp-content\/uploads\/2009\/12\/or1028160-300x199.jpg\" alt=\"SS Benedetto XVI- Piazza San Pietro - Angelus - 06-12-200\" width=\"300\" height=\"199\" \/><\/a>Cari fratelli e sorelle!<br \/>\n <span style=\"font-style: normal;\">In questa\u00a0<a href=\"http:\/\/www.vatican.va\/liturgical_year\/advent\/2009\/index_it.html#II DOMENICA DI AVVENTO\">seconda domenica di Avvento<\/a>, la liturgia propone il brano evangelico in cui san Luca, per cos\u00ec dire, prepara la scena su cui Ges\u00f9 sta per apparire e iniziare la sua missione pubblica (cfr\u00a0<em>Lc<\/em>3,1-6). L\u2019Evangelista punta il riflettore su Giovanni Battista, che del Messia fu il precursore, e traccia con grande precisione le coordinate spazio-temporali della sua predicazione. Scrive Luca: \u201cNell\u2019anno quindicesimo dell\u2019impero di Tiberio Cesare, mentre Ponzio Pilato era governatore della Giudea, Erode tetrarca della Galilea, e Filippo, suo fratello, tetrarca dell\u2019Iturea e della Traconitide, e Lisania tetrarca dell\u2019Abilene, sotto i sommi sacerdoti Anna e Caifa, la parola di Dio venne su Giovanni, figlio di Zaccaria, nel deserto\u201d (<em>Lc<\/em> 3,1-2). Due cose attirano la nostra attenzione. La prima \u00e8 l\u2019abbondanza di riferimenti a tutte le autorit\u00e0 politiche e religiose della Palestina nel 27\/28 d.C. Evidentemente l\u2019Evangelista vuole avvertire chi legge o ascolta che il Vangelo non \u00e8 una leggenda, ma il racconto di una storia vera, che Ges\u00f9 di Nazaret \u00e8 un personaggio storico inserito in quel preciso contesto. Il secondo elemento degno di nota \u00e8 che, dopo questa ampia introduzione storica, il soggetto diventa \u201cla parola di Dio\u201d, presentata come una forza che scende dall\u2019alto e si posa su Giovanni il Battista.\u00a0[<a href=\"http:\/\/www.vatican.va\/holy_father\/benedict_xvi\/angelus\/2009\/documents\/hf_ben-xvi_ang_20091206_it.html\" target=\"_blank\">Leggi tutto il messaggio<\/a>]\u00a0<em>\u00a9 Copyright 2009 &#8211; Libreria  Editrice Vaticana<\/em><\/span><\/em><\/p>\n<h3>Ascolta il messaggio del S. padre<\/h3>\n<p>[powerpress]<\/p>\n<p class=\"info\"><a href=\"http:\/\/vod.vatican.va\/angelus06122009.mov\" target=\"_blank\">Link al video ufficiale<\/a> (richiede Apple Quick Time)<\/p>\n<p style=\"text-align: justify;\"><img loading=\"lazy\" decoding=\"async\" style=\"vertical-align: middle;\" title=\"Link\" src=\"http:\/\/www.cercoiltuovolto.it\/\/images\/web.png\" alt=\"Link\" width=\"24\" height=\"24\" \/> <strong>Fonte<\/strong>: Radio Vaticana via FeedRss | <strong>Fotografia<\/strong>: <a href=\"https:\/\/www.photo.va\/\" target=\"_blank\">Osservatore Romano<br \/>\n<\/a><span style=\"font-size: xx-small;\"><em>(The content of this podcast is copyrighted by Vatican Radio which, according to  its statute, is entrusted to manage and protect the sound recordings of the  Roman Pontiff, ensuring that their pastoral character and intellectual  property&#8217;s rights are protected when used by third parties. The content of this  podcast is made available only for personal and private use and cannot be  exploited for commercial purposes, without prior written authorization by  Vatican Radio. For further information, please contact the International  Relation Office at relint@vatiradio.va)<\/em><\/span><\/p>\n","protected":false},"excerpt":{"rendered":"<p>Cari fratelli e sorelle! In questa\u00a0seconda domenica di Avvento, la liturgia propone il brano evangelico in cui san Luca, per cos\u00ec dire, prepara la scena su cui Ges\u00f9 sta per apparire e iniziare la sua missione pubblica (cfr\u00a0Lc3,1-6). L\u2019Evangelista punta il riflettore su Giovanni Battista, che del Messia fu il precursore, e traccia con grande&#8230;<\/p>\n","protected":false},"author":3,"featured_media":0,"comment_status":"closed","ping_status":"closed","sticky":false,"template":"","format":"standard","meta":{"_kad_post_transparent":"","_kad_post_title":"","_kad_post_layout":"","_kad_post_sidebar_id":"","_kad_post_content_style":"","_kad_post_vertical_padding":"","_kad_post_feature":"","_kad_post_feature_position":"","_kad_post_header":false,"_kad_post_footer":false,"_kad_post_classname":"","footnotes":""},"categories":[99,114],"tags":[115,73],"class_list":["post-229209","post","type-post","status-publish","format-standard","hentry","category-99","category-angelus","tag-audio","tag-benedetto-xvi"],"_links":{"self":[{"href":"https:\/\/archivio.cercoiltuovolto.it\/index.php?rest_route=\/wp\/v2\/posts\/229209","targetHints":{"allow":["GET"]}}],"collection":[{"href":"https:\/\/archivio.cercoiltuovolto.it\/index.php?rest_route=\/wp\/v2\/posts"}],"about":[{"href":"https:\/\/archivio.cercoiltuovolto.it\/index.php?rest_route=\/wp\/v2\/types\/post"}],"author":[{"embeddable":true,"href":"https:\/\/archivio.cercoiltuovolto.it\/index.php?rest_route=\/wp\/v2\/users\/3"}],"replies":[{"embeddable":true,"href":"https:\/\/archivio.cercoiltuovolto.it\/index.php?rest_route=%2Fwp%2Fv2%2Fcomments&post=229209"}],"version-history":[{"count":0,"href":"https:\/\/archivio.cercoiltuovolto.it\/index.php?rest_route=\/wp\/v2\/posts\/229209\/revisions"}],"wp:attachment":[{"href":"https:\/\/archivio.cercoiltuovolto.it\/index.php?rest_route=%2Fwp%2Fv2%2Fmedia&parent=229209"}],"wp:term":[{"taxonomy":"category","embeddable":true,"href":"https:\/\/archivio.cercoiltuovolto.it\/index.php?rest_route=%2Fwp%2Fv2%2Fcategories&post=229209"},{"taxonomy":"post_tag","embeddable":true,"href":"https:\/\/archivio.cercoiltuovolto.it\/index.php?rest_route=%2Fwp%2Fv2%2Ftags&post=229209"}],"curies":[{"name":"wp","href":"https:\/\/api.w.org\/{rel}","templated":true}]}}