{"id":229208,"date":"2009-12-09T12:55:38","date_gmt":"2009-12-09T12:55:38","guid":{"rendered":"https:\/\/archivio.cercoiltuovolto.it\/?p=229208"},"modified":"2009-12-09T12:55:38","modified_gmt":"2009-12-09T12:55:38","slug":"commento-al-vangelo-del-13-dicembre-2009-terza-di-avvento-paolo-curtaz","status":"publish","type":"post","link":"https:\/\/archivio.cercoiltuovolto.it\/?p=229208","title":{"rendered":"Commento al Vangelo del 13 dicembre 2009 &#8211; Terza di Avvento &#8211; Paolo Curtaz"},"content":{"rendered":"<p>Terza domenica di Avvento, anno di Luca<\/p>\n<p>Sof 3,14-18\/Fil 4,4-7\/Lc 3,10-18<\/p>\n<p><strong>Sei la gioia di Dio!<\/strong><\/p>\n<p>Affinch\u00e9 il giorno di Natale non ci piombi addosso come una disgrazia, siamo chiamati ad alzare lo sguardo, a non permettere che il nostro cuore si appesantisca a causa delle troppe preoccupazioni, delle dissipazioni, delle ubriachezze.<\/p>\n<p>Dio, stanco di essere male interpretato, scende a raccontarsi e lo fa, al solito, con un percorso nuovo, inatteso, lontano dai nostri schemi mentali.<\/p>\n<p>Non sceglie la disponibilit\u00e0 della moglie dell\u2019Imperatore, ma l\u2019ingenua e solida accoglienza di un\u2019adolescente di Nazareth; la sua Parola non scende sui potenti dell\u2019epoca, ma su Giovanni il Battezzatore che ci invita a preparare il Natale. Non siamo qui a far finta che poi Ges\u00f9 nasce, siamo qui a spalancare il cuore affinch\u00e9 egli trovi accoglienza, a liberare il nostro pensiero contorto, a colmare i crateri delle nostre ferite, ad abbassare il delirio di onnipotenza che ci impedisce di incontrare Dio perch\u00e9 egli, da ridere, non sta in alto, ma si abbassa\u2026<\/p>\n<p style=\"text-align: center;\">\n<p><strong>Come?<\/strong><\/p>\n<p>La gente che da Gerusalemme \u00e8 scesa nei pressi di Gerico per vedere Giovanni il Battezzatore, profeta ardente di passione, resta turbata, scossa. E se avesse ragione lui? Se, sul serio, la vita non fosse quel caos inestricabile che ci dona pi\u00f9 fatica che gioia?<\/p>\n<p>Qualcuno, timidamente si avvicina al profeta e chiede: \u201cChe cosa dobbiamo fare?\u201d.<\/p>\n<p>\u201cChe cosa dobbiamo fare?\u201d \u00e8 anche la domanda che sorge nel nostro cuore quando ci guardiamo dentro, quando lasciamo che il silenzio evidenzi, smascheri la nostra sete di felicit\u00e0 e di bene, quando una tragedia ci ridesta alla durezza e alla verit\u00e0 della vita, quando vogliamo prepararci ad un Natale che non resti solleticamento emotivo ma diventi conversione e luce e pace.<\/p>\n<p>\u201cChe cosa dobbiamo fare?\u201d e il mondo ci risponde: \u201cSistemati, lavora, guadagna, riposati, curati, regalati emozioni, lasciati andare, sballa\u2026\u201d. Conosco molte persone, non voi, gli altri, che sono convinte che basterebbe essere pi\u00f9 alti, pi\u00f9 snelli, pi\u00f9 ricchi, avere accanto persone diverse, per essere felici.<\/p>\n<p>Ma queste cose saranno davvero capaci di riempire il cuore? E se investissimo tutte le nostre energie nel posto sbagliato? Se \u2013 buon Dio \u2013 ci accorgessimo alla fine della vita che la strada da imboccare era un\u2019altra? E se il mondo non sapesse \u2013 sul serio \u2013 darci risposte? E per mascherare questo vuoto lo riempisse di parole?<\/p>\n<p>Giovanni risponde in maniera dolce e sorprendente: consigli spiccioli, all\u2019apparenza banali, ben diversi dai proclami che ci aspetteremmo, dalle scelte radicali che dovrebbe proferire: \u201ccondividete, non rubate, non siate violenti\u2026\u201d\u00a0 Tutto l\u00ec? Restiamo stupiti, un po\u2019 delusi.<\/p>\n<p>Giovanni ha ragione: dalle cose piccole nasce l\u2019accoglienza. Perch\u00e9 forse anche a voi, come a me, succede di immaginarmi, anche nella fede, capace di improbabili eroismi: partir\u00f2 in Africa volontario \u2013 e intanto non vedo la mia dirimpettaia anziana sola \u2013 andr\u00f2 una settimana in monastero nel silenzio \u2013 e intanto non trovo neppure cinque minuti di preghiera al giorno \u2013 dedicher\u00f2 del tempo alla riflessione \u2013 e non ho neppure il coraggio di depennare qualche riunione dall\u2019agenda al collasso\u2026<\/p>\n<p><strong>Enormi piccolezze<\/strong><\/p>\n<p>Giovanni ha ragione, fai bene ci\u00f2 che sei chiamato a fare, fallo con gioia, fallo con semplicit\u00e0 e diventa profezia, strada pronta per accogliere il Messia.<\/p>\n<p>Era normale per i pubblicani rubare, normale per i soldati essere prepotenti, normale per la gente accumulare quel poco che aveva.<\/p>\n<p>Giovanni mostra una storia \u201caltra\u201d: sii onesto, non essere prepotente, condividi.<\/p>\n<p>Diventa eroico, anche oggi, essere integerrimi nell\u2019onest\u00e0 sul lavoro, profetico essere persone miti in un mondo di squali, sconcertante porre gesti di gratuit\u00e0.<\/p>\n<p>Dio si fa piccolo. Nei piccoli atteggiamenti ne rintracciamo la scia luminosa.<\/p>\n<p><strong>Sar\u00e0 lui?<\/strong><\/p>\n<p><a href=\"http:\/\/www.cercoiltuovolto.it\/\/wp-content\/uploads\/2009\/12\/giovanni.jpg\"><img loading=\"lazy\" decoding=\"async\" class=\"alignleft size-medium wp-image-8411\" title=\"Giovanni\" src=\"http:\/\/www.cercoiltuovolto.it\/\/wp-content\/uploads\/2009\/12\/giovanni-223x300.jpg\" alt=\"Giovanni\" width=\"223\" height=\"300\" \/><\/a>La gente \u00e8 turbata: Giovanni \u00e8 un uomo buono, mostra loro una strada semplice, d\u00e0 loro retta\u2026 che sia lui il Messia? Ed ecco la notizia: arriva uno pi\u00f9 forte che battezzer\u00e0 in Spirito Santo e fuoco. Arriva il Cristo, \u00e8 lui la risposta a cosa dovete fare, \u00e8 lui colui che brucia dentro, che d\u00e0 forza. Giovanni ancora non lo conosce eppure il suo cuore pulsa di gioia. Ges\u00f9 \u00e8 fuoco, non pia devozione, non bella abitudine, non saggezza da seguire.<\/p>\n<p>Fuoco, fuoco, fuoco che brucia, che inquieta, che scalda, che illumina, che turba nel profondo, che scardina, che riempie. Giovanni gi\u00e0 ne assapora la presenza, gi\u00e0 ne coglie la statura immensa, inattesa, sconcertante. Eppure lui, il pi\u00f9 grande tra i nati da donna, verr\u00e0 ucciso per il ballo sensuale di un\u2019adolescente, ucciso da un re fantoccio suddito dei propri desideri e del giudizio della gente. Ma \u00e8 felice, comunque, sin d\u2019ora.<\/p>\n<p><strong>Gioia<\/strong><\/p>\n<p>Giovanni ha gi\u00e0 il cuore colmo di gioia anche se ancora aspetta, anche se ancora non vede.<\/p>\n<p>Ma gi\u00e0 gioisce. L\u2019annuncio che vi faccio, la \u201cbuona novella\u201d in mezzo a tante orribili notizie che ci raggiunge \u00e8 proprio questa: Dio ti ama e te lo dimostra in Ges\u00f9 Cristo.<\/p>\n<p>Accogliere Ges\u00f9 \u00e8 avere il cuore pieno di gioia. La fede cristiana \u00e8 anzitutto gioia.<\/p>\n<p>Non gioia semplice, sciocca, ingenua. Mediteremo a lungo, fra qualche mese, di come la gioia cristiana sia una tristezza superata, di come sia una gioia conquistata a caro prezzo\u2026<\/p>\n<p>Nel frattempo Paolo dice ai Filippesi e a noi: \u201crallegratevi nel Signore sempre!\u201d; aggiunge che la nostra gioia deve essere nota a tutti, cio\u00e8 che la gente deve pensare ai cristiani come gente serena e piena di luce! Per Paolo, che pure di cose tristi ne subisce e ne vede, la pace che viene da Dio custodisce i nostri cuori.<\/p>\n<p>E se la mia vita \u00e8 un calvario? Se proprio la sofferenza \u00e8 la nota dominante della mia vita? Se la depressione o la solitudine hanno minato alla radice il mio buonumore? Perch\u00e9 mai devo essere felice?<\/p>\n<p>La risposta di Sofonia, profeta vissuto nel 640 a.C., \u00e8 bruciante: <em>\u201cIl Signore tuo Dio \u2026 esulter\u00e0 di gioia per te, ti rinnover\u00e0 con il suo amore\u201d<\/em>. Sii felice: tu sei la gioia di Dio! Sii felice: Dio ti ama teneramente con il suo amore ed \u00e8 il suo amore che ti rinnova, ti cambia. Tutta la Bibbia, tutta l\u2019esperienza di Israele prima e della Chiesa poi dice questo: sei amato, il vero volto di Dio \u00e8 uno sguardo di bene e di amore che ti ricostruisce.<\/p>\n<p>Non \u00e8 una splendida notizia?<\/p>\n","protected":false},"excerpt":{"rendered":"<p>Terza domenica di Avvento, anno di Luca Sof 3,14-18\/Fil 4,4-7\/Lc 3,10-18 Sei la gioia di Dio! Affinch\u00e9 il giorno di Natale non ci piombi addosso come una disgrazia, siamo chiamati ad alzare lo sguardo, a non permettere che il nostro cuore si appesantisca a causa delle troppe preoccupazioni, delle dissipazioni, delle ubriachezze. Dio, stanco di&#8230;<\/p>\n","protected":false},"author":3,"featured_media":0,"comment_status":"closed","ping_status":"closed","sticky":false,"template":"","format":"standard","meta":{"_kad_post_transparent":"","_kad_post_title":"","_kad_post_layout":"","_kad_post_sidebar_id":"","_kad_post_content_style":"","_kad_post_vertical_padding":"","_kad_post_feature":"","_kad_post_feature_position":"","_kad_post_header":false,"_kad_post_footer":false,"_kad_post_classname":"","footnotes":""},"categories":[99,112],"tags":[5,223,172],"class_list":["post-229208","post","type-post","status-publish","format-standard","hentry","category-99","category-avvento","tag-commento-al-vangelo","tag-paolo-curtaz","tag-vangelo-della-domenica"],"_links":{"self":[{"href":"https:\/\/archivio.cercoiltuovolto.it\/index.php?rest_route=\/wp\/v2\/posts\/229208","targetHints":{"allow":["GET"]}}],"collection":[{"href":"https:\/\/archivio.cercoiltuovolto.it\/index.php?rest_route=\/wp\/v2\/posts"}],"about":[{"href":"https:\/\/archivio.cercoiltuovolto.it\/index.php?rest_route=\/wp\/v2\/types\/post"}],"author":[{"embeddable":true,"href":"https:\/\/archivio.cercoiltuovolto.it\/index.php?rest_route=\/wp\/v2\/users\/3"}],"replies":[{"embeddable":true,"href":"https:\/\/archivio.cercoiltuovolto.it\/index.php?rest_route=%2Fwp%2Fv2%2Fcomments&post=229208"}],"version-history":[{"count":0,"href":"https:\/\/archivio.cercoiltuovolto.it\/index.php?rest_route=\/wp\/v2\/posts\/229208\/revisions"}],"wp:attachment":[{"href":"https:\/\/archivio.cercoiltuovolto.it\/index.php?rest_route=%2Fwp%2Fv2%2Fmedia&parent=229208"}],"wp:term":[{"taxonomy":"category","embeddable":true,"href":"https:\/\/archivio.cercoiltuovolto.it\/index.php?rest_route=%2Fwp%2Fv2%2Fcategories&post=229208"},{"taxonomy":"post_tag","embeddable":true,"href":"https:\/\/archivio.cercoiltuovolto.it\/index.php?rest_route=%2Fwp%2Fv2%2Ftags&post=229208"}],"curies":[{"name":"wp","href":"https:\/\/api.w.org\/{rel}","templated":true}]}}