{"id":229157,"date":"2009-11-29T08:32:21","date_gmt":"2009-11-29T08:32:21","guid":{"rendered":"https:\/\/archivio.cercoiltuovolto.it\/?p=229157"},"modified":"2009-11-29T08:32:21","modified_gmt":"2009-11-29T08:32:21","slug":"la-masseria-delle-allodole","status":"publish","type":"post","link":"https:\/\/archivio.cercoiltuovolto.it\/?p=229157","title":{"rendered":"La masseria delle allodole"},"content":{"rendered":"<p style=\"text-align: justify;\"><a href=\"http:\/\/www.cercoiltuovolto.it\/\/wp-content\/uploads\/2009\/11\/la-masseria-delle-allodole.jpeg\"><img loading=\"lazy\" decoding=\"async\" class=\"alignleft size-medium wp-image-8154\" title=\"la-masseria-delle-allodole\" src=\"http:\/\/www.cercoiltuovolto.it\/\/wp-content\/uploads\/2009\/11\/la-masseria-delle-allodole-196x300.jpg\" alt=\"la-masseria-delle-allodole\" width=\"83\" height=\"126\" \/><\/a>Uno dei romanzi italiani pi\u00f9 fortunati degli ultimi anni esce ora in edizione speciale (10\u20ac). Anni Venti: storia di una famiglia che vive in Armenia e che in attesa dell&#8217;arrivo di parenti trasferiti in Italia restaura una masseria per accoglierli. Ma la guerra e il genocidio sotto cui soccomber\u00e0 il popolo armeno faranno s\u00ec che l&#8217;incontro con questi familiari italiani non avverr\u00e0 mai. Sar\u00e0 anzi uno dei pi\u00f9 giovani, unico maschio sopravvissuto, a raggiungere l&#8217;Italia e a dare inizio a una speranza per la famiglia e il popolo che rappresenta.<\/p>\n<blockquote>\n<h3>Ascolta la riflessione di <a href=\"http:\/\/www.radiovoce.it\/podcast_dettagli.php?get_id=2617\" target=\"_blank\">Suor Francesca Bernacchia da Radio Voce inBlu<\/a><\/h3>\n<p>[powerpress]<\/p><\/blockquote>\n<p class=\"acquista-paragrafo\"><a href=\"http:\/\/www.ibs.it\/code\/9788817016339\/arslan-antonia\/masseria-delle-allodole.html?shop=3462\" target=\"_blank\">Acquista il libro<\/a> su IBS<\/p>\n","protected":false},"excerpt":{"rendered":"<p>Uno dei romanzi italiani pi\u00f9 fortunati degli ultimi anni esce ora in edizione speciale (10\u20ac). Anni Venti: storia di una famiglia che vive in Armenia e che in attesa dell&#8217;arrivo di parenti trasferiti in Italia restaura una masseria per accoglierli. Ma la guerra e il genocidio sotto cui soccomber\u00e0 il popolo armeno faranno s\u00ec che&#8230;<\/p>\n","protected":false},"author":3,"featured_media":0,"comment_status":"closed","ping_status":"closed","sticky":false,"template":"","format":"standard","meta":{"_kad_post_transparent":"","_kad_post_title":"","_kad_post_layout":"","_kad_post_sidebar_id":"","_kad_post_content_style":"","_kad_post_vertical_padding":"","_kad_post_feature":"","_kad_post_feature_position":"","_kad_post_header":false,"_kad_post_footer":false,"_kad_post_classname":"","footnotes":""},"categories":[99,3],"tags":[17,278],"class_list":["post-229157","post","type-post","status-publish","format-standard","hentry","category-99","category-libri","tag-libri","tag-romanzo"],"_links":{"self":[{"href":"https:\/\/archivio.cercoiltuovolto.it\/index.php?rest_route=\/wp\/v2\/posts\/229157","targetHints":{"allow":["GET"]}}],"collection":[{"href":"https:\/\/archivio.cercoiltuovolto.it\/index.php?rest_route=\/wp\/v2\/posts"}],"about":[{"href":"https:\/\/archivio.cercoiltuovolto.it\/index.php?rest_route=\/wp\/v2\/types\/post"}],"author":[{"embeddable":true,"href":"https:\/\/archivio.cercoiltuovolto.it\/index.php?rest_route=\/wp\/v2\/users\/3"}],"replies":[{"embeddable":true,"href":"https:\/\/archivio.cercoiltuovolto.it\/index.php?rest_route=%2Fwp%2Fv2%2Fcomments&post=229157"}],"version-history":[{"count":0,"href":"https:\/\/archivio.cercoiltuovolto.it\/index.php?rest_route=\/wp\/v2\/posts\/229157\/revisions"}],"wp:attachment":[{"href":"https:\/\/archivio.cercoiltuovolto.it\/index.php?rest_route=%2Fwp%2Fv2%2Fmedia&parent=229157"}],"wp:term":[{"taxonomy":"category","embeddable":true,"href":"https:\/\/archivio.cercoiltuovolto.it\/index.php?rest_route=%2Fwp%2Fv2%2Fcategories&post=229157"},{"taxonomy":"post_tag","embeddable":true,"href":"https:\/\/archivio.cercoiltuovolto.it\/index.php?rest_route=%2Fwp%2Fv2%2Ftags&post=229157"}],"curies":[{"name":"wp","href":"https:\/\/api.w.org\/{rel}","templated":true}]}}