{"id":229146,"date":"2009-11-26T12:28:40","date_gmt":"2009-11-26T12:28:40","guid":{"rendered":"https:\/\/archivio.cercoiltuovolto.it\/?p=229146"},"modified":"2009-11-26T12:28:40","modified_gmt":"2009-11-26T12:28:40","slug":"nuovi-cristiani-deuropa-dieci-storie-tra-fede-e-ragione","status":"publish","type":"post","link":"https:\/\/archivio.cercoiltuovolto.it\/?p=229146","title":{"rendered":"Nuovi cristiani d&#8217;Europa. Dieci storie tra fede e ragione"},"content":{"rendered":"<p style=\"text-align: justify;\"><a href=\"http:\/\/www.cercoiltuovolto.it\/\/wp-content\/uploads\/2009\/11\/nuovi-cristiani-di-europa.jpg\"><img loading=\"lazy\" decoding=\"async\" class=\"alignleft size-medium wp-image-8112\" title=\"nuovi-cristiani-di-europa\" src=\"http:\/\/www.cercoiltuovolto.it\/\/wp-content\/uploads\/2009\/11\/nuovi-cristiani-di-europa-203x300.jpg\" alt=\"nuovi-cristiani-di-europa\" width=\"203\" height=\"300\" \/><\/a>Dieci intellettuali europei convertiti al cristianesimo in un&#8217;Europa che ha fatto dell&#8217;ateismo la sua nuova ideologia. Dieci testimonianze autentiche controcorrente.<\/p>\n<p style=\"text-align: justify;\">La campana a morto l\u2019ha suonata l\u2019Unione Europea quando nel 2004 ha escluso ogni riferimento alle radici cristiane dal preambolo della sua Costituzione. L\u2019ateismo \u00e8 la nuova ideologia del Continente. Il cristianesimo non pu\u00f2 pi\u00f9 rivendicare un ruolo pubblico n\u00e9 incidere in modo diretto sulle scelte politiche. Questa svolta epocale \u2013 epilogo di un percorso iniziato con l\u2019Illuminismo \u2013 ha prodotto un ampio dibattito, non solo fra i credenti. In molti si interrogano sul significato di un cambiamento che prima di tutto \u00e8 culturale e confina la religione cristiana nella sfera privata, riducendola a pura esperienza soggettiva. Chi non si rassegna combatte una battaglia che appare gi\u00e0 persa, almeno fino a quando la libert\u00e0 dell\u2019uomo verr\u00e0 intesa come emancipazione da ogni legame con verit\u00e0 non contingenti e da una legge naturale in cui si esprime il senso morale originale di ogni essere umano. I dieci \u00abconvertiti\u00bb ascoltati da Lorenzo Fazzini in questo volume raccontano tuttavia un\u2019altra storia, in controtendenza rispetto al mainstream (o a quello che si ritiene tale). Tra chi \u00e8 stato sedotto da Cristo con un incontro di vita inaspettato \u2013 come lo scrittore \u00c9ric-Emmanuel Schmitt, il filosofo Fabrice Hadjadj o il critico Joseph Pearce \u2013 e chi invece vi \u00e8 ritornato al termine di una lunga ricerca \u2013 come il cantautore Giovanni Lindo Ferretti, la sociologa Gabriele Kuby, lo scrittore Jean-Claude Guillebaud, la diplomatica norvegese Janne Haaland Matlary o i giornalisti John Waters e Marco Tosatti \u2013, tutti raccontano di un\u2019utopia ancora possibile: essere uomini e donne del nostro tempo e continuare a credere e a vivere e testimoniare la propria fede. Del resto, osserva Marcello Pera, piaccia o no, \u00abil cristianesimo \u00e8 la forma della cultura europea, opera come un filtro, come un dizionario di traduzione. Ci\u00f2 che c\u2019era prima e ci\u00f2 che \u00e8 venuto dopo, per noi si presenta attraverso concetti e vocaboli cristiani. Per questo il cristianesimo \u00e8 fattore di identit\u00e0: senza di esso, noi non saremmo noi stessi\u00bb.<\/p>\n<p style=\"text-align: justify;\"><em>Lorenzo Fazzini (1978) abita a Verona. Giornalista e traduttore, scrive di cultura, religioni e questioni internazionali su \u00abAvvenire\u00bb. Ha lavorato all\u2019agenzia missionaria \u00abAsiaNews\u00bb; collabora con il settimanale \u00abTempi\u00bb e il mensile \u00abMondo e Missione\u00bb. Ha vinto il premio giornalistico UCSI \u00abGiornalisti e societ\u00e0\u00bb under 30 e il premio Giovanni Fallani.<\/em><\/p>\n<p class=\"sito-web\" style=\"text-align: justify;\">Il suo sito Internet \u00e8 www.lorenzofazzini.it<\/p>\n<blockquote style=\"text-align: center;\">\n<h3>Guarda l&#8217;intervista<\/h3>\n<\/blockquote>\n<p class=\"acquista-paragrafo\"><a href=\"http:\/\/www.libreriadelsanto.it\/libri\/9788871808307\/nuovi-cristiani-deuropa-dieci-storie-tra-fede-e-ragione.html?p=sot\" target=\"_blank\">Acquista il libro<\/a> su Libreria del Santo<\/p>\n","protected":false},"excerpt":{"rendered":"<p>Dieci intellettuali europei convertiti al cristianesimo in un&#8217;Europa che ha fatto dell&#8217;ateismo la sua nuova ideologia. Dieci testimonianze autentiche controcorrente. La campana a morto l\u2019ha suonata l\u2019Unione Europea quando nel 2004 ha escluso ogni riferimento alle radici cristiane dal preambolo della sua Costituzione. L\u2019ateismo \u00e8 la nuova ideologia del Continente. Il cristianesimo non pu\u00f2 pi\u00f9&#8230;<\/p>\n","protected":false},"author":3,"featured_media":0,"comment_status":"closed","ping_status":"closed","sticky":false,"template":"","format":"standard","meta":{"_kad_post_transparent":"","_kad_post_title":"","_kad_post_layout":"","_kad_post_sidebar_id":"","_kad_post_content_style":"","_kad_post_vertical_padding":"","_kad_post_feature":"","_kad_post_feature_position":"","_kad_post_header":false,"_kad_post_footer":false,"_kad_post_classname":"","footnotes":""},"categories":[99,149],"tags":[17],"class_list":["post-229146","post","type-post","status-publish","format-standard","hentry","category-99","category-interviste","tag-libri"],"_links":{"self":[{"href":"https:\/\/archivio.cercoiltuovolto.it\/index.php?rest_route=\/wp\/v2\/posts\/229146","targetHints":{"allow":["GET"]}}],"collection":[{"href":"https:\/\/archivio.cercoiltuovolto.it\/index.php?rest_route=\/wp\/v2\/posts"}],"about":[{"href":"https:\/\/archivio.cercoiltuovolto.it\/index.php?rest_route=\/wp\/v2\/types\/post"}],"author":[{"embeddable":true,"href":"https:\/\/archivio.cercoiltuovolto.it\/index.php?rest_route=\/wp\/v2\/users\/3"}],"replies":[{"embeddable":true,"href":"https:\/\/archivio.cercoiltuovolto.it\/index.php?rest_route=%2Fwp%2Fv2%2Fcomments&post=229146"}],"version-history":[{"count":0,"href":"https:\/\/archivio.cercoiltuovolto.it\/index.php?rest_route=\/wp\/v2\/posts\/229146\/revisions"}],"wp:attachment":[{"href":"https:\/\/archivio.cercoiltuovolto.it\/index.php?rest_route=%2Fwp%2Fv2%2Fmedia&parent=229146"}],"wp:term":[{"taxonomy":"category","embeddable":true,"href":"https:\/\/archivio.cercoiltuovolto.it\/index.php?rest_route=%2Fwp%2Fv2%2Fcategories&post=229146"},{"taxonomy":"post_tag","embeddable":true,"href":"https:\/\/archivio.cercoiltuovolto.it\/index.php?rest_route=%2Fwp%2Fv2%2Ftags&post=229146"}],"curies":[{"name":"wp","href":"https:\/\/api.w.org\/{rel}","templated":true}]}}