{"id":229137,"date":"2009-11-25T12:00:30","date_gmt":"2009-11-25T12:00:30","guid":{"rendered":"https:\/\/archivio.cercoiltuovolto.it\/?p=229137"},"modified":"2009-11-25T12:00:30","modified_gmt":"2009-11-25T12:00:30","slug":"letture-in-mp3-del-29-novembre-2009-prima-domenica-di-avvento","status":"publish","type":"post","link":"https:\/\/archivio.cercoiltuovolto.it\/?p=229137","title":{"rendered":"&#8220;Letture in mp3&#8221; del 29 novembre 2009 &#8211; Prima Domenica di Avvento"},"content":{"rendered":"<p style=\"text-align: justify;\">Di seguito <em>i link<\/em> ai file in mp3 ed il testo relativi alla <strong>Liturgia della Parola<\/strong> di domenica 29 novembre 2009.<\/p>\n<ul>\n<li style=\"text-align: justify;\">Prima lettura &#8211; <a href=\"http:\/\/www.proclamarelaparola.it\/cavv1_1.mp3\">Ger 33,14-16<\/a><\/li>\n<li style=\"text-align: justify;\">Seconda lettura &#8211; \u00a0<a href=\"http:\/\/www.proclamarelaparola.it\/cavv1_2.mp3\">1Ts 3,12-4,2<\/a><\/li>\n<li style=\"text-align: justify;\">Vangelo &#8211; \u00a0<a href=\"http:\/\/www.proclamarelaparola.it\/cavv1_3.mp3\">Lc 21,25-28.34-36<\/a><\/li>\n<\/ul>\n<p class=\"info\" style=\"text-align: justify;\">Fonte: <a href=\"http:\/\/www.proclamarelaparola.it\/2009\/29-novembre-2009-ia-di-avvento-anno-c-letture-in-mp3\/\" target=\"_blank\">Proclamare la Parola<\/a><\/p>\n<blockquote>\n<p><strong><a href=\"http:\/\/www.cercoiltuovolto.it\/\/wp-content\/uploads\/2009\/11\/pd310.jpg\"><img loading=\"lazy\" decoding=\"async\" class=\"alignleft size-medium wp-image-8075\" title=\"A voice was heard in Ramah, lamentation, and bitter weeping\" src=\"http:\/\/www.cercoiltuovolto.it\/\/wp-content\/uploads\/2009\/11\/pd310-205x300.jpg\" alt=\"A voice was heard in Ramah, lamentation, and bitter weeping\" width=\"144\" height=\"210\" \/><\/a>Prima lettura<\/strong><br \/>\n <em>Ger 33,14-16<\/em><br \/>\n Far\u00f2 germogliare per Davide un germoglio giusto.\u00a0<br \/>\n Dal libro del profeta Gerem\u00eca<\/p>\n<p> Ecco, verranno giorni\/ &#8211; or\u00e0colo del Signore\/ &#8211; nei quali io realizzer\u00f2 le promesse di bene\/ che ho fatto alla casa d\u2019Israele\/ e alla casa di Giuda.\/\/<br \/>\n In quei giorni e in quel tempo\/ far\u00f2 germogliare per Davide un germoglio giusto,\/ che eserciter\u00e0 il giudizio\/ e la giustizia sulla terra.\/\/<br \/>\n In quei giorni Giuda sar\u00e0 salvato\/ e Gerusalemme vivr\u00e0 tranquilla,\/ e sar\u00e0 chiamata:\/ Signore-nostra-giustizia.<\/p>\n<p> <strong>Salmo responsoriale<\/strong><br \/>\n <em>Sal 24<\/em><br \/>\n Rit.: A te, Signore, innalzo l\u2019anima mia, in te confido.<\/p>\n<p> Fammi conoscere, Signore, le tue vie,<br \/>\n insegnami i tuoi sentieri.<br \/>\n Guidami nella tua fedelt\u00e0 e istruiscimi,<br \/>\n perch\u00e9 sei tu il Dio della mia salvezza.<\/p>\n<p> Buono e retto \u00e8 il Signore,<br \/>\n indica ai peccatori la via giusta;<br \/>\n guida i poveri secondo giustizia,<br \/>\n insegna ai poveri la sua via.<\/p>\n<p> Tutti i sentieri del Signore sono amore e fedelt\u00e0<br \/>\n per chi custodisce la sua alleanza e i suoi precetti.<br \/>\n Il Signore si confida con chi lo teme:<br \/>\n gli fa conoscere la sua alleanza.<\/p>\n<p> <strong>Seconda lettura<\/strong><br \/>\n <em>1Ts 3,12-4,2<\/em><br \/>\n Il Signore renda saldi i vostri cuori al momento della venuta di Cristo.<br \/>\n Dalla prima lettera di san Paolo apostolo ai Tessalonic\u00e9si<\/p>\n<p> Fratelli,\/ il Signore vi faccia crescere e sovrabbondare nell\u2019amore fra voi e verso tutti,\/ come sovrabbonda il nostro per voi,\/ per rendere saldi i vostri cuori\/ e irreprensibili nella santit\u00e0,\/ davanti a Dio e Padre nostro,\/ alla venuta del Signore nostro Ges\u00f9\/ con tutti i suoi santi.\/\/<br \/>\n Per il resto,\/ fratelli,\/ vi preghiamo e supplichiamo nel Signore Ges\u00f9\/ affinch\u00e9,\/ come avete imparato da noi il modo di comportarvi\/ e di piacere a Dio\/ \u2013 e cos\u00ec gi\u00e0 vi comportate\/ \u2013, possiate progredire ancora di pi\u00f9.\/\/ Voi conoscete\/ quali regole di vita vi abbiamo dato\/ da parte del Signore Ges\u00f9.<\/p>\n<p> <strong>Vangelo<\/strong><br \/>\n <em>Lc 21,25-28.34-36<\/em><br \/>\n La vostra liberazione \u00e8 vicina.<br \/>\n + Dal Vangelo secondo Luca<\/p>\n<p>In quel tempo, Ges\u00f9 disse ai suoi discepoli:<br \/>\n \u00abVi saranno segni nel sole, nella luna e nelle stelle, e sulla terra angoscia di popoli in ansia per il fragore del mare e dei flutti, mentre gli uomini moriranno per la paura e per l\u2019attesa di ci\u00f2 che dovr\u00e0 accadere sulla terra. Le potenze dei cieli infatti saranno sconvolte.<br \/>\n Allora vedranno il Figlio dell\u2019uomo venire su una nube con grande potenza e gloria.<br \/>\n Quando cominceranno ad accadere queste cose, risollevatevi e alzate il capo, perch\u00e9 la vostra liberazione \u00e8 vicina.<br \/>\n State attenti a voi stessi, che i vostri cuori non si appesantiscano in dissipazioni, ubriachezze e affanni della vita e che quel giorno non vi piombi addosso all\u2019improvviso; come un laccio infatti esso si abbatter\u00e0 sopra tutti coloro che abitano sulla faccia di tutta la terra. Vegliate in ogni momento pregando, perch\u00e9 abbiate la forza di sfuggire a tutto ci\u00f2 che sta per accadere, e di comparire davanti al Figlio dell\u2019uomo\u00bb.<\/p>\n<\/blockquote>\n","protected":false},"excerpt":{"rendered":"<p>Di seguito i link ai file in mp3 ed il testo relativi alla Liturgia della Parola di domenica 29 novembre 2009. Prima lettura &#8211; Ger 33,14-16 Seconda lettura &#8211; \u00a01Ts 3,12-4,2 Vangelo &#8211; \u00a0Lc 21,25-28.34-36 Fonte: Proclamare la Parola Prima lettura Ger 33,14-16 Far\u00f2 germogliare per Davide un germoglio giusto.\u00a0 Dal libro del profeta Gerem\u00eca&#8230;<\/p>\n","protected":false},"author":3,"featured_media":0,"comment_status":"closed","ping_status":"closed","sticky":false,"template":"","format":"standard","meta":{"_kad_post_transparent":"","_kad_post_title":"","_kad_post_layout":"","_kad_post_sidebar_id":"","_kad_post_content_style":"","_kad_post_vertical_padding":"","_kad_post_feature":"","_kad_post_feature_position":"","_kad_post_header":false,"_kad_post_footer":false,"_kad_post_classname":"","footnotes":""},"categories":[99,4],"tags":[96,42,61],"class_list":["post-229137","post","type-post","status-publish","format-standard","hentry","category-99","category-audio-cattolici","tag-avvento","tag-lettura-del-vangelo","tag-letture-in-mp3"],"_links":{"self":[{"href":"https:\/\/archivio.cercoiltuovolto.it\/index.php?rest_route=\/wp\/v2\/posts\/229137","targetHints":{"allow":["GET"]}}],"collection":[{"href":"https:\/\/archivio.cercoiltuovolto.it\/index.php?rest_route=\/wp\/v2\/posts"}],"about":[{"href":"https:\/\/archivio.cercoiltuovolto.it\/index.php?rest_route=\/wp\/v2\/types\/post"}],"author":[{"embeddable":true,"href":"https:\/\/archivio.cercoiltuovolto.it\/index.php?rest_route=\/wp\/v2\/users\/3"}],"replies":[{"embeddable":true,"href":"https:\/\/archivio.cercoiltuovolto.it\/index.php?rest_route=%2Fwp%2Fv2%2Fcomments&post=229137"}],"version-history":[{"count":0,"href":"https:\/\/archivio.cercoiltuovolto.it\/index.php?rest_route=\/wp\/v2\/posts\/229137\/revisions"}],"wp:attachment":[{"href":"https:\/\/archivio.cercoiltuovolto.it\/index.php?rest_route=%2Fwp%2Fv2%2Fmedia&parent=229137"}],"wp:term":[{"taxonomy":"category","embeddable":true,"href":"https:\/\/archivio.cercoiltuovolto.it\/index.php?rest_route=%2Fwp%2Fv2%2Fcategories&post=229137"},{"taxonomy":"post_tag","embeddable":true,"href":"https:\/\/archivio.cercoiltuovolto.it\/index.php?rest_route=%2Fwp%2Fv2%2Ftags&post=229137"}],"curies":[{"name":"wp","href":"https:\/\/api.w.org\/{rel}","templated":true}]}}