{"id":229112,"date":"2009-11-19T20:00:33","date_gmt":"2009-11-19T20:00:33","guid":{"rendered":"https:\/\/archivio.cercoiltuovolto.it\/?p=229112"},"modified":"2009-11-19T20:00:33","modified_gmt":"2009-11-19T20:00:33","slug":"video-vangelo-del-22112009-xxxiv-domenica-del-tempo-ordinario","status":"publish","type":"post","link":"https:\/\/archivio.cercoiltuovolto.it\/?p=229112","title":{"rendered":"Video Vangelo del 22\/11\/2009 &#8211; XXXIV Domenica del Tempo Ordinario"},"content":{"rendered":"<p style=\"text-align: center;\"><img loading=\"lazy\" decoding=\"async\" style=\"border: 0px solid #000000; margin: 5px; width: 304px; height: 140px;\" title=\"Audiovisivi\" src=\"http:\/\/www.cercoiltuovolto.it\/\/images\/stories\/logo\/logo_testata_audiovisivi.jpg\" alt=\"Audiovisivi\" width=\"304\" height=\"140\" \/><\/p>\n<p style=\"text-align: left;\"><strong>Guarda il video della lettura del vangelo<\/strong> della settimana e le <strong>riflessioni <\/strong>affidate a diversi commentatori.<\/p>\n<ul>\n<li><strong> <\/strong>Commento padre Leopoldo Fior<\/li>\n<li>Lettrice  Elena Gianni<\/li>\n<li>Luogo Chiesa di San Cristo in Brescia<br class=\"spacer_\" \/><\/li>\n<\/ul>\n<p style=\"text-align: center;\">\n<blockquote>\n<p style=\"text-align: justify;\">Nostro Signore Ges\u00f9 Cristo Re dell&#8217;Universo<\/p>\n<p> Vangelo Gv 18,33b-37<br \/>\n Tu lo dici: io sono re.<\/p>\n<p> + Dal Vangelo secondo Giovanni\u00a0<\/p>\n<p> In quel tempo, Pilato disse a Ges\u00f9: \u00abSei tu il re dei Giudei?\u00bb. Ges\u00f9 rispose: \u00abDici questo da te, oppure altri ti hanno parlato di me?\u00bb. Pilato disse: \u00abSono forse io Giudeo? La tua gente e i capi dei sacerdoti ti hanno consegnato a me. Che cosa hai fatto?\u00bb. <br \/>\n Rispose Ges\u00f9: \u00abIl mio regno non \u00e8 di questo mondo; se il mio regno fosse di questo mondo, i miei servitori avrebbero combattuto perch\u00e9 non fossi consegnato ai Giudei; ma il mio regno non \u00e8 di quaggi\u00f9\u00bb. <br \/>\n Allora Pilato gli disse: \u00abDunque tu sei re?\u00bb. Rispose Ges\u00f9: \u00abTu lo dici: io sono re. Per questo io sono nato e per questo sono venuto nel mondo: per dare testimonianza alla verit\u00e0. Chiunque \u00e8 dalla verit\u00e0, ascolta la mia voce\u00bb.<strong><\/p>\n<p> <\/strong><\/p>\n<\/blockquote>\n<p class=\"info\"><strong>Fonte del video<\/strong>: Centro Audiovisivi &#8211; La Buona Notizia<\/p>\n","protected":false},"excerpt":{"rendered":"<p>Guarda il video della lettura del vangelo della settimana e le riflessioni affidate a diversi commentatori. Commento padre Leopoldo Fior Lettrice Elena Gianni Luogo Chiesa di San Cristo in Brescia Nostro Signore Ges\u00f9 Cristo Re dell&#8217;Universo Vangelo Gv 18,33b-37 Tu lo dici: io sono re. + Dal Vangelo secondo Giovanni\u00a0 In quel tempo, Pilato disse&#8230;<\/p>\n","protected":false},"author":3,"featured_media":0,"comment_status":"closed","ping_status":"closed","sticky":false,"template":"","format":"standard","meta":{"_kad_post_transparent":"","_kad_post_title":"","_kad_post_layout":"","_kad_post_sidebar_id":"","_kad_post_content_style":"","_kad_post_vertical_padding":"","_kad_post_feature":"","_kad_post_feature_position":"","_kad_post_header":false,"_kad_post_footer":false,"_kad_post_classname":"","footnotes":""},"categories":[99,147],"tags":[42,172,113],"class_list":["post-229112","post","type-post","status-publish","format-standard","hentry","category-99","category-commento-al-vangelo","tag-lettura-del-vangelo","tag-vangelo-della-domenica","tag-video"],"_links":{"self":[{"href":"https:\/\/archivio.cercoiltuovolto.it\/index.php?rest_route=\/wp\/v2\/posts\/229112","targetHints":{"allow":["GET"]}}],"collection":[{"href":"https:\/\/archivio.cercoiltuovolto.it\/index.php?rest_route=\/wp\/v2\/posts"}],"about":[{"href":"https:\/\/archivio.cercoiltuovolto.it\/index.php?rest_route=\/wp\/v2\/types\/post"}],"author":[{"embeddable":true,"href":"https:\/\/archivio.cercoiltuovolto.it\/index.php?rest_route=\/wp\/v2\/users\/3"}],"replies":[{"embeddable":true,"href":"https:\/\/archivio.cercoiltuovolto.it\/index.php?rest_route=%2Fwp%2Fv2%2Fcomments&post=229112"}],"version-history":[{"count":0,"href":"https:\/\/archivio.cercoiltuovolto.it\/index.php?rest_route=\/wp\/v2\/posts\/229112\/revisions"}],"wp:attachment":[{"href":"https:\/\/archivio.cercoiltuovolto.it\/index.php?rest_route=%2Fwp%2Fv2%2Fmedia&parent=229112"}],"wp:term":[{"taxonomy":"category","embeddable":true,"href":"https:\/\/archivio.cercoiltuovolto.it\/index.php?rest_route=%2Fwp%2Fv2%2Fcategories&post=229112"},{"taxonomy":"post_tag","embeddable":true,"href":"https:\/\/archivio.cercoiltuovolto.it\/index.php?rest_route=%2Fwp%2Fv2%2Ftags&post=229112"}],"curies":[{"name":"wp","href":"https:\/\/api.w.org\/{rel}","templated":true}]}}