{"id":229110,"date":"2009-11-20T06:00:55","date_gmt":"2009-11-20T06:00:55","guid":{"rendered":"https:\/\/archivio.cercoiltuovolto.it\/?p=229110"},"modified":"2009-11-20T06:00:55","modified_gmt":"2009-11-20T06:00:55","slug":"vatican-style-del-18112009-intervista-a-don-massimo-camisasca","status":"publish","type":"post","link":"https:\/\/archivio.cercoiltuovolto.it\/?p=229110","title":{"rendered":"Vatican Style del 18\/11\/2009 &#8211; Intervista a don Massimo Camisasca"},"content":{"rendered":"<p style=\"text-align: justify;\"><a href=\"http:\/\/www.cercoiltuovolto.it\/\/wp-content\/uploads\/2009\/11\/Massimo_Camisasca.jpg\"><a href=\"http:\/\/www.cercoiltuovolto.it\/\/wp-content\/uploads\/2009\/11\/Massimo_Camisasca.jpg\"><img loading=\"lazy\" decoding=\"async\" class=\"alignleft size-thumbnail wp-image-7971\" title=\"Massimo Camisasca\" src=\"http:\/\/www.cercoiltuovolto.it\/\/wp-content\/uploads\/2009\/11\/Massimo_Camisasca-75x75.jpg\" alt=\"Massimo Camisasca\" width=\"75\" height=\"75\" \/><\/a><\/a>Ecco la sesta intervista per \u201c<strong>Vatican Stye<\/strong>\u201c, il programma che Paolo Rodari conduce su Redtv ogni mercoled\u00ec pomeriggio (ore 18.30). L\u2019intervista \u00e8 a don Massimo Camisasca, fondatore e superiore generale della Fraternit\u00e0 dei Missionari di san Carlo Borromeo, un gruppo di preti legato a Comunione e liberazione. Don Massimo \u00e8 stato per anni portavoce di Cl in Vaticano. Con Angelo Scola pi\u00f9 volte ha incontrato il cardinale Joseph Ratzinger. Come pi\u00f9 volte ha parlato faccia a faccia con Giovanni Paolo II. Prete ma anche scrittore, Camisasca \u00e8 un educatore di uomini. Giussani, Wojtyla, Ratzinger sono al centro di questa intervista. Ma anche Dostoevskij e i grandi scrittori che hanno segnato la sua vita.<\/p>\n<p style=\"text-align: center;\">\n<p class=\"lampadina\">Fonte: RED TV &#8211; <a href=\"http:\/\/www.paolorodari.com\/2009\/11\/18\/camisasca-il-prete-scrittore\/?utm_source=feedburner&amp;utm_medium=feed&amp;utm_campaign=Feed%3A+PalazzoApostolico+%28Palazzo+Apostolico+-+Diario+Vaticano+di+Paolo+Rodari%29&amp;utm_content=Google+Reader\" target=\"_blank\">Palazzo Apostolico, Diario Vaticano di Paolo Rodari<\/a><\/p>\n","protected":false},"excerpt":{"rendered":"<p>Ecco la sesta intervista per \u201cVatican Stye\u201c, il programma che Paolo Rodari conduce su Redtv ogni mercoled\u00ec pomeriggio (ore 18.30). L\u2019intervista \u00e8 a don Massimo Camisasca, fondatore e superiore generale della Fraternit\u00e0 dei Missionari di san Carlo Borromeo, un gruppo di preti legato a Comunione e liberazione. Don Massimo \u00e8 stato per anni portavoce di&#8230;<\/p>\n","protected":false},"author":3,"featured_media":0,"comment_status":"closed","ping_status":"closed","sticky":false,"template":"","format":"standard","meta":{"_kad_post_transparent":"","_kad_post_title":"","_kad_post_layout":"","_kad_post_sidebar_id":"","_kad_post_content_style":"","_kad_post_vertical_padding":"","_kad_post_feature":"","_kad_post_feature_position":"","_kad_post_header":false,"_kad_post_footer":false,"_kad_post_classname":"","footnotes":""},"categories":[99,149],"tags":[24,9,113],"class_list":["post-229110","post","type-post","status-publish","format-standard","hentry","category-99","category-interviste","tag-televisione","tag-vaticano","tag-video"],"_links":{"self":[{"href":"https:\/\/archivio.cercoiltuovolto.it\/index.php?rest_route=\/wp\/v2\/posts\/229110","targetHints":{"allow":["GET"]}}],"collection":[{"href":"https:\/\/archivio.cercoiltuovolto.it\/index.php?rest_route=\/wp\/v2\/posts"}],"about":[{"href":"https:\/\/archivio.cercoiltuovolto.it\/index.php?rest_route=\/wp\/v2\/types\/post"}],"author":[{"embeddable":true,"href":"https:\/\/archivio.cercoiltuovolto.it\/index.php?rest_route=\/wp\/v2\/users\/3"}],"replies":[{"embeddable":true,"href":"https:\/\/archivio.cercoiltuovolto.it\/index.php?rest_route=%2Fwp%2Fv2%2Fcomments&post=229110"}],"version-history":[{"count":0,"href":"https:\/\/archivio.cercoiltuovolto.it\/index.php?rest_route=\/wp\/v2\/posts\/229110\/revisions"}],"wp:attachment":[{"href":"https:\/\/archivio.cercoiltuovolto.it\/index.php?rest_route=%2Fwp%2Fv2%2Fmedia&parent=229110"}],"wp:term":[{"taxonomy":"category","embeddable":true,"href":"https:\/\/archivio.cercoiltuovolto.it\/index.php?rest_route=%2Fwp%2Fv2%2Fcategories&post=229110"},{"taxonomy":"post_tag","embeddable":true,"href":"https:\/\/archivio.cercoiltuovolto.it\/index.php?rest_route=%2Fwp%2Fv2%2Ftags&post=229110"}],"curies":[{"name":"wp","href":"https:\/\/api.w.org\/{rel}","templated":true}]}}