{"id":229107,"date":"2009-11-19T06:00:13","date_gmt":"2009-11-19T06:00:13","guid":{"rendered":"https:\/\/archivio.cercoiltuovolto.it\/?p=229107"},"modified":"2009-11-19T06:00:13","modified_gmt":"2009-11-19T06:00:13","slug":"commento-al-vangelo-domenica-22-novembre-2009-bella-notizia","status":"publish","type":"post","link":"https:\/\/archivio.cercoiltuovolto.it\/?p=229107","title":{"rendered":"Commento al Vangelo &#8211; Domenica 22 novembre 2009 &#8211; Bella Notizia"},"content":{"rendered":"<p style=\"text-align: justify;\">Questa \u00e8 una rielaborazione <strong>audio\/video<\/strong> sulle letture della Messa di:<strong><em> DOMENICA 22 novembre 2009 &#8211; <\/em><\/strong><span><span><strong> <em>FESTA DI CRISTO RE DELL&#8217;UNIVERSO<\/em> <\/strong><\/span><\/span><strong><em> <\/em><\/strong>(Anno B) a cura di <a href=\"http:\/\/www.bellanotizia.it\" target=\"_blank\">Antonio Di Lieto<\/a>.   Il titolo della Messa, che unifica tutte le letture, secondo l&#8217;autore \u00e8: <strong>Un magnifico regno d&#8217;amore !<\/strong><\/p>\n<p style=\"text-align: justify;\">[powerpress]<\/p>\n<p style=\"text-align: center;\">\n<h2>Commento alle Letture<\/h2>\n<h3><span> <span>PRIMA LETTURA (dal libro del profeta Dani\u00e8le 7,13-14)<\/span><\/span><\/h3>\n<h3><span> <\/span><\/h3>\n<p style=\"text-align: justify;\"><span> Un giorno il profeta Dani\u00e8le disse: \u201cQuesta notte ho avuto una visione: ho visto un Uomo salire in cielo e, dopo aver raggiunto il trono di Dio, presentarsi al cospetto dell&#8217;Onnipotente. E Dio gli dava tanta gloria e potere, fino al punto di affidargli il Suo REGNO: UN MAGNIFICO REGNO D\u2019AMORE. E lo servivano tutti i giusti della terra, di ogni lingua e nazione. Il Suo potere infatti \u00e8 eterno: ed il Suo REGNO non finir\u00e0 mai!&#8221;. <\/span><\/p>\n<h3><span>SALMO RESPONSORIALE (Salmo 92,1-2.5)<\/span><\/h3>\n<p style=\"text-align: justify;\">Il Signore REGNA: avvolto di splendore. L\u2019Onnipotente REGNA: avvolto di maest\u00e0. Dio si manifesta: in tutta la Sua forza. Signore, il mondo che hai creato \u00e8 stabile: non pu\u00f2 vacillare. Ed \u00e8 stabile anche il Tuo trono: perch\u00e9 REGNI sull\u2019universo fin dall\u2019eternit\u00e0. Davvero i Tuoi insegnamenti, sono degni di fiducia. La tua casa \u00e8 piena di santit\u00e0, Signore: lo \u00e8 oggi e lo sar\u00e0 per sempre!<\/p>\n<h3><span>SECONDA LETTURA (dall&#8217;Apocalisse di Giovanni 1,5-8)<\/span><\/h3>\n<p style=\"text-align: justify;\">Ges\u00f9 Cristo \u00e8 il testimone della verit\u00e0, il primo ad essere resuscitato dalla morte: il RE pi\u00f9 potente di tutti i re della terra! Eppure ci AMA talmente tanto, che per noi ha versato il Suo sangue: pagando Lui per i peccati nostri. E cos\u00ec ci ha dato la possibilit\u00e0 di entrare nel Suo MAGNIFICO REGNO D\u2019AMORE, facendoci diventare sacerdoti di Dio Suo Padre: a lui sia data gloria e potenza, nei secoli dei secoli amen! Ora Ges\u00f9 Cristo si trova in cielo ed un giorno tutti lo incontreranno: anche quelli che lo hanno trucidato. Molti uomini infatti, nel vederlo dovranno battersi il petto. S\u00ec, perch\u00e8 Cristo \u00e8 la \u201cA\u201d e la \u201cZ\u201d: il Principio e la Fine di tutto il creato. Colui che \u00e8, che era, e che sempre sar\u00e0: il RE onnipotente di tutto l&#8217;Universo !<\/p>\n<h3 style=\"text-align: justify;\">VANGELO (Giovanni 18,33-37)<\/h3>\n<p style=\"text-align: justify;\"><a href=\"http:\/\/www.cercoiltuovolto.it\/\/wp-content\/uploads\/2009\/11\/PL000381.jpg\"><img loading=\"lazy\" decoding=\"async\" class=\"alignleft size-medium wp-image-7963\" title=\"Ges\u00f9 davanti a Pilato\" src=\"http:\/\/www.cercoiltuovolto.it\/\/wp-content\/uploads\/2009\/11\/PL000381-222x300.jpg\" alt=\"Ges\u00f9 davanti a Pilato\" width=\"222\" height=\"300\" \/><\/a>Pilato, il governatore romano, chiese a Ges\u00f9 con arroganza: &#8220;Davvero sei il RE degli ebrei? Quello che vorrebbe cacciare noi romani dalla Palestina?&#8221;. Ges\u00f9 allora rispose con calma: &#8220;Sei tu che lo pensi: o sono altri, che di me ti hanno riferito questo?&#8221;. E Pilato: &#8220;Io non sono ebreo: la tua gente ed i capi dei sacerdoti mi hanno detto questo di te, quando ti hanno portato qui. Allora, cosa hai da dire a tua discolpa?&#8221;.<\/p>\n<p style=\"text-align: justify;\">Ges\u00f9 rispose con estrema chiarezza: &#8220;Io sono un RE: ma il mio REGNO non si trova su questa terra. Se fossi stato un RE di questo mondo, non credi che i miei discepoli avrebbero combattuto per non farmi catturare?&#8221;.<\/p>\n<p style=\"text-align: justify;\">Pilato allora esclam\u00f2 spazientito: &#8220;Insomma? Sei o non sei un RE?&#8221;. E Ges\u00f9: &#8220;L&#8217;hai detto tu: sono un RE. Ma sai benissimo che non sono un pericolo per Roma: perch\u00e8 fingi di non vedere la verit\u00e0? Io per questo sono venuto sulla terra: per portare nel mondo la Verit\u00e0. Chi cerca veramente la Verit\u00e0 quindi, ascolta le mie parole: e le comprende. Ed un giorno vivr\u00e0 eternamente felice, nel Mio REGNO: UN MAGNIFICO REGNO D&#8217;AMORE !&#8221;.<\/p>\n<blockquote>\n<p style=\"text-align: justify;\"><span class=\"morebis\"> <\/span><strong>Sul sito<\/strong> <a href=\"http:\/\/www.bellanotizia.it\/\" target=\"_blank\">http:\/\/www.bellanotizia.it<\/a> puoi scaricare tante altre &#8220;bellenotizie&#8221;, anche in forma di registrazione-audio e presentazione-video, oltre a diversi miei articoli, scritti, corrispondenze-mail ed ipotesi innovative.<br \/>\n <strong>Note<\/strong>: L&#8217;autore precisa che, anche se la lettura di queste bellenotizie aiuta a comprendere la prima parte della Messa (Liturgia della Parola), non potr\u00e0 mai sostituire la seconda parte (Liturgia eucaristica), in cui ci viene data la possibilit\u00e0 di &#8220;abbracciare&#8221; veramente il Corpo di Cristo.<\/p>\n<\/blockquote>\n","protected":false},"excerpt":{"rendered":"<p>Questa \u00e8 una rielaborazione audio\/video sulle letture della Messa di: DOMENICA 22 novembre 2009 &#8211; FESTA DI CRISTO RE DELL&#8217;UNIVERSO (Anno B) a cura di Antonio Di Lieto. Il titolo della Messa, che unifica tutte le letture, secondo l&#8217;autore \u00e8: Un magnifico regno d&#8217;amore ! [powerpress] Commento alle Letture PRIMA LETTURA (dal libro del profeta&#8230;<\/p>\n","protected":false},"author":3,"featured_media":0,"comment_status":"closed","ping_status":"closed","sticky":false,"template":"","format":"standard","meta":{"_kad_post_transparent":"","_kad_post_title":"","_kad_post_layout":"","_kad_post_sidebar_id":"","_kad_post_content_style":"","_kad_post_vertical_padding":"","_kad_post_feature":"","_kad_post_feature_position":"","_kad_post_header":false,"_kad_post_footer":false,"_kad_post_classname":"","footnotes":""},"categories":[99,4],"tags":[34,5,172],"class_list":["post-229107","post","type-post","status-publish","format-standard","hentry","category-99","category-audio-cattolici","tag-bella-notizia","tag-commento-al-vangelo","tag-vangelo-della-domenica"],"_links":{"self":[{"href":"https:\/\/archivio.cercoiltuovolto.it\/index.php?rest_route=\/wp\/v2\/posts\/229107","targetHints":{"allow":["GET"]}}],"collection":[{"href":"https:\/\/archivio.cercoiltuovolto.it\/index.php?rest_route=\/wp\/v2\/posts"}],"about":[{"href":"https:\/\/archivio.cercoiltuovolto.it\/index.php?rest_route=\/wp\/v2\/types\/post"}],"author":[{"embeddable":true,"href":"https:\/\/archivio.cercoiltuovolto.it\/index.php?rest_route=\/wp\/v2\/users\/3"}],"replies":[{"embeddable":true,"href":"https:\/\/archivio.cercoiltuovolto.it\/index.php?rest_route=%2Fwp%2Fv2%2Fcomments&post=229107"}],"version-history":[{"count":0,"href":"https:\/\/archivio.cercoiltuovolto.it\/index.php?rest_route=\/wp\/v2\/posts\/229107\/revisions"}],"wp:attachment":[{"href":"https:\/\/archivio.cercoiltuovolto.it\/index.php?rest_route=%2Fwp%2Fv2%2Fmedia&parent=229107"}],"wp:term":[{"taxonomy":"category","embeddable":true,"href":"https:\/\/archivio.cercoiltuovolto.it\/index.php?rest_route=%2Fwp%2Fv2%2Fcategories&post=229107"},{"taxonomy":"post_tag","embeddable":true,"href":"https:\/\/archivio.cercoiltuovolto.it\/index.php?rest_route=%2Fwp%2Fv2%2Ftags&post=229107"}],"curies":[{"name":"wp","href":"https:\/\/api.w.org\/{rel}","templated":true}]}}