{"id":229089,"date":"2009-11-16T11:16:52","date_gmt":"2009-11-16T11:16:52","guid":{"rendered":"https:\/\/archivio.cercoiltuovolto.it\/?p=229089"},"modified":"2009-11-16T11:16:52","modified_gmt":"2009-11-16T11:16:52","slug":"la-vita-buona-angelo-scola-e-aldo-cazzullo","status":"publish","type":"post","link":"https:\/\/archivio.cercoiltuovolto.it\/?p=229089","title":{"rendered":"La vita buona &#8211; Angelo Scola e Aldo Cazzullo"},"content":{"rendered":"<p style=\"text-align: justify;\"><a href=\"http:\/\/www.cercoiltuovolto.it\/\/wp-content\/uploads\/2009\/11\/la-vita-buona1.jpg\"><img loading=\"lazy\" decoding=\"async\" class=\"alignleft size-medium wp-image-7914\" title=\"Copertina del libro\" src=\"http:\/\/www.cercoiltuovolto.it\/\/wp-content\/uploads\/2009\/11\/la-vita-buona1-201x300.jpg\" alt=\"Copertina del libro\" width=\"201\" height=\"300\" \/><\/a>\u00abNon c\u2019\u00e8 amore senza promessa, non c\u2019\u00e8 promessa senza \u201cper sempre\u201d, e non c\u2019\u00e8 \u201cper sempre\u201d se non sino alla fine, sino e oltre la morte. In tre figlioletti pieni di gioia attorno al letto del loro pap\u00e0 malato di Sla, in una casa piena di letizia, nell\u2019innocenza di quei bambini ho visto cos\u2019\u00e8 l\u2019amore\u00bb.<\/p>\n<p style=\"text-align: justify;\">Cos\u00ec termina la lunga conversazione tra il Patriarca di Venezia, Angelo Scola, e l\u2019inviato del \u00abCorriere della Sera\u00bb, Aldo Cazzullo. Ogni anno, alla vigilia del Redentore, la ricorrenza religiosa pi\u00f9 importante di Venezia, che celebra la fine della peste del 1576, il cardinale anticipa al giornalista il tema del suo discorso, che affronta sempre temi cruciali per la societ\u00e0 italiana: come intendere oggi la laicit\u00e0; i giovani e la rivoluzione di Dio; cosa significa educare nella societ\u00e0 in transizione; rapporto scienza-fede; la famiglia italiana: aspetti economici, politici e religiosi; la sofferenza umana e il fine vita.<\/p>\n<p style=\"text-align: justify;\">Rispondendo alle domande del giornalista, il Patriarca disegna il proprio sistema di pensiero, saldamente ancorato alla Chiesa di Giovanni Paolo II e Benedetto XVI, che \u00e8 anche una risposta alla sete spirituale dell\u2019uomo contemporaneo. Una proposta costruita sul concetto di \u00abvita buona\u00bb.<\/p>\n<p style=\"text-align: center;\">\n<p style=\"text-align: center;\">\n<p style=\"text-align: center;\">\n<h2>Prefazione<\/h2>\n<blockquote>\n<p>Il cardinale e il giornalista<\/p>\n<p>Ugo Sartorio<\/p>\n<p>\u00abVoglio una vita felice\u00bb. Ben detto, non fa una grinza: chi non vorrebbe la felicit\u00e0 a portata di mano, magari da accendere pigiando il pulsante giusto? Eppure \u00abvoglio una vita buona\u00bb dice qualcosa di pi\u00f9, di straordinaria importanza. Nella vita felice, comunque del tutto desiderabile e rispettabile, ne va di me, del mio io in cerca di realizzazione. Nella vita buona \u2013 quella di cui si parla in questo libro \u2013 i soggetti sono provocati a venire allo scoperto, non solo a non trascurare ma a implementare la dimensione comunitaria dell\u2019esistere. Nello stile della comunione e non dell\u2019isolamento o della separatezza, nello stile del dono e dell\u2019esodo da s\u00e9 e non dell\u2019accentramento.<\/p>\n<p>\u00abNello stile di Ges\u00f9\u00bb, direbbe un cristiano, il quale legge nella vita dell\u2019uomo di Nazaret, del figlio del falegname, la pienezza della vita buona per s\u00e9 e per gli altri, perch\u00e9 in essa la relazione con il Padre e con gli uomini raggiunge vertici inarrivabili. Spesso facciamo dipendere la qualit\u00e0 del nostro vivere da criteri adottati dal senso comune, giustificati in seconda battuta attraverso un buonismo generico che sta altrettanto genericamente in relazione con il Vangelo; mentre ci manca il coraggio di partire dal cuore stesso del messaggio evangelico, dal paradigma cristologico, espressione sostenuta che altro non significa se non la terrena, umile e gloriosa vicenda di Ges\u00f9 il Cristo.<\/p>\n<p>L\u2019idea di mettere insieme le sei interviste (realizzate annualmente in occasione della Festa del Redentore, tranne la seconda) che costituiscono la trama movimentata eppur lineare di questo testo, \u00e8 stata propiziata dall\u2019amicizia dei frati del \u00abMessaggero di sant\u2019Antonio\u00bb con Aldo Cazzullo, tra l\u2019altro anche collaboratore della nostra rivista.<\/p>\n<p>Che abbia intervistato a pi\u00f9 riprese il Patriarca di Venezia ci \u00e8 parsa ben pi\u00f9 di una coincidenza, quasi una \u00abspecializzazione\u00bb nel mediare per i lettori del principale quotidiano italiano un magistero particolarmente illuminato.<\/p>\n<p>(\u2026)<\/p>\n<p>Il cardinale Angelo Scola, oltre a essere Patriarca di Venezia, \u00e8 presidente della Conferenza episcopale del Triveneto, una regione ecclesiastica che comprende Veneto, Friuli-Venezia Giulia e Trentino-Alto Adige e che si confronta in modo del tutto particolare con il travaglio culturale e socio-politico di questi nostri anni. L\u2019Italia che si vede dentro e da questa particolare visuale, riassunta nell\u2019espressione Nord-Est, \u00e8 l\u2019orizzonte d\u2019interesse di un magistero che colloca al centro l\u2019uomo, la persona, il farsi della societ\u00e0 e le sue necessarie articolazioni, anche portando in casa nostra, reinterpretandole, esperienze e dibattiti di risonanza internazionale.<\/p>\n<p>(\u2026)<\/p>\n<\/blockquote>\n<p class=\"acquista-paragrafo\"><a href=\"http:\/\/www.libreriadelsanto.it\/libri\/9788825019391\/la-vita-buona.html?p=sot\" target=\"_blank\">Acquista il libro<\/a> su Libreria del Santo<\/p>\n","protected":false},"excerpt":{"rendered":"<p>\u00abNon c\u2019\u00e8 amore senza promessa, non c\u2019\u00e8 promessa senza \u201cper sempre\u201d, e non c\u2019\u00e8 \u201cper sempre\u201d se non sino alla fine, sino e oltre la morte. In tre figlioletti pieni di gioia attorno al letto del loro pap\u00e0 malato di Sla, in una casa piena di letizia, nell\u2019innocenza di quei bambini ho visto cos\u2019\u00e8 l\u2019amore\u00bb&#8230;.<\/p>\n","protected":false},"author":3,"featured_media":0,"comment_status":"closed","ping_status":"closed","sticky":false,"template":"","format":"standard","meta":{"_kad_post_transparent":"","_kad_post_title":"","_kad_post_layout":"","_kad_post_sidebar_id":"","_kad_post_content_style":"","_kad_post_vertical_padding":"","_kad_post_feature":"","_kad_post_feature_position":"","_kad_post_header":false,"_kad_post_footer":false,"_kad_post_classname":"","footnotes":""},"categories":[99,149],"tags":[17],"class_list":["post-229089","post","type-post","status-publish","format-standard","hentry","category-99","category-interviste","tag-libri"],"_links":{"self":[{"href":"https:\/\/archivio.cercoiltuovolto.it\/index.php?rest_route=\/wp\/v2\/posts\/229089","targetHints":{"allow":["GET"]}}],"collection":[{"href":"https:\/\/archivio.cercoiltuovolto.it\/index.php?rest_route=\/wp\/v2\/posts"}],"about":[{"href":"https:\/\/archivio.cercoiltuovolto.it\/index.php?rest_route=\/wp\/v2\/types\/post"}],"author":[{"embeddable":true,"href":"https:\/\/archivio.cercoiltuovolto.it\/index.php?rest_route=\/wp\/v2\/users\/3"}],"replies":[{"embeddable":true,"href":"https:\/\/archivio.cercoiltuovolto.it\/index.php?rest_route=%2Fwp%2Fv2%2Fcomments&post=229089"}],"version-history":[{"count":0,"href":"https:\/\/archivio.cercoiltuovolto.it\/index.php?rest_route=\/wp\/v2\/posts\/229089\/revisions"}],"wp:attachment":[{"href":"https:\/\/archivio.cercoiltuovolto.it\/index.php?rest_route=%2Fwp%2Fv2%2Fmedia&parent=229089"}],"wp:term":[{"taxonomy":"category","embeddable":true,"href":"https:\/\/archivio.cercoiltuovolto.it\/index.php?rest_route=%2Fwp%2Fv2%2Fcategories&post=229089"},{"taxonomy":"post_tag","embeddable":true,"href":"https:\/\/archivio.cercoiltuovolto.it\/index.php?rest_route=%2Fwp%2Fv2%2Ftags&post=229089"}],"curies":[{"name":"wp","href":"https:\/\/api.w.org\/{rel}","templated":true}]}}