{"id":229086,"date":"2009-11-15T10:27:00","date_gmt":"2009-11-15T10:27:00","guid":{"rendered":"https:\/\/archivio.cercoiltuovolto.it\/?p=229086"},"modified":"2009-11-15T10:27:00","modified_gmt":"2009-11-15T10:27:00","slug":"twitter-settimanali-del-2009-11-15","status":"publish","type":"post","link":"https:\/\/archivio.cercoiltuovolto.it\/?p=229086","title":{"rendered":"Twitter Settimanali del 2009-11-15"},"content":{"rendered":"<ul class=\"aktt_tweet_digest\">\n<li>#Video reading:Sant\u2019 Alberto Magno Vescovo e dottore della Chiesa &#8211; 15 novembre http:\/\/tinyurl.com\/ybxyu6r <a href=\"http:\/\/twitter.com\/cercoiltuovolto\/statuses\/5721181102\" class=\"aktt_tweet_time\">#<\/a><\/li>\n<li>#Video reading:Il vangelo del giorno &#8211; 15\/11\/2009 http:\/\/tinyurl.com\/ya9dd5p <a href=\"http:\/\/twitter.com\/cercoiltuovolto\/statuses\/5721175383\" class=\"aktt_tweet_time\">#<\/a><\/li>\n<li>#Video reading:Bienvenidos al Studium Biblicum <a href=\"http:\/\/tinyurl.com\/yglvgpu\" rel=\"nofollow\">http:\/\/tinyurl.com\/yglvgpu<\/a> <a href=\"http:\/\/twitter.com\/cercoiltuovolto\/statuses\/5719773335\" class=\"aktt_tweet_time\">#<\/a><\/li>\n<li>#Pope reading:Card. Bertone ricorda la visita di Giovanni Paolo II al parlamento italiano del 14 novembre 2002 <a href=\"http:\/\/tinyurl.com\/yllgulu\" rel=\"nofollow\">http:\/\/tinyurl.com\/yllgulu<\/a> <a href=\"http:\/\/twitter.com\/cercoiltuovolto\/statuses\/5707267059\" class=\"aktt_tweet_time\">#<\/a><\/li>\n<li>#Video reading:The Vatican to officially comment on apparitions of Medjugorje <a href=\"http:\/\/tinyurl.com\/ykc9pub\" rel=\"nofollow\">http:\/\/tinyurl.com\/ykc9pub<\/a> <a href=\"http:\/\/twitter.com\/cercoiltuovolto\/statuses\/5706791766\" class=\"aktt_tweet_time\">#<\/a><\/li>\n<li>#Video reading:Vatican to FAO: Feeding the hungry is in the Gospel <a href=\"http:\/\/tinyurl.com\/yfhjfpg\" rel=\"nofollow\">http:\/\/tinyurl.com\/yfhjfpg<\/a> <a href=\"http:\/\/twitter.com\/cercoiltuovolto\/statuses\/5706754490\" class=\"aktt_tweet_time\">#<\/a><\/li>\n<li>#Video reading:Pope praises Cor Unum generosity <a href=\"http:\/\/tinyurl.com\/yho32tw\" rel=\"nofollow\">http:\/\/tinyurl.com\/yho32tw<\/a> <a href=\"http:\/\/twitter.com\/cercoiltuovolto\/statuses\/5706753477\" class=\"aktt_tweet_time\">#<\/a><\/li>\n<li>#Video reading:Santo Stefano Teodoro (Etienne-Th\u00e9odore) Cu\u00e9not Vescovo e martire &#8211; 14 novembre http:\/\/tinyurl.com\/yhnsq67 <a href=\"http:\/\/twitter.com\/cercoiltuovolto\/statuses\/5706738821\" class=\"aktt_tweet_time\">#<\/a><\/li>\n<li>#Video reading:Il vangelo del giorno &#8211; 14\/11\/2009 http:\/\/tinyurl.com\/yke5qy9 <a href=\"http:\/\/twitter.com\/cercoiltuovolto\/statuses\/5706736709\" class=\"aktt_tweet_time\">#<\/a><\/li>\n<li>Benedict XVI: Church is a vessel of God&#39;s Goodness <a href=\"http:\/\/bit.ly\/1JhrBo\" rel=\"nofollow\">http:\/\/bit.ly\/1JhrBo<\/a> <a href=\"http:\/\/twitter.com\/cercoiltuovolto\/statuses\/5683163297\" class=\"aktt_tweet_time\">#<\/a><\/li>\n<li>Public awareness: a symphony for life\u201d <a href=\"http:\/\/bit.ly\/3VuKyL\" rel=\"nofollow\">http:\/\/bit.ly\/3VuKyL<\/a> <a href=\"http:\/\/twitter.com\/cercoiltuovolto\/statuses\/5679768460\" class=\"aktt_tweet_time\">#<\/a><\/li>\n<li>Vangelo della domenica 15 novembre 2009 <a href=\"http:\/\/bit.ly\/3fBL1v\" rel=\"nofollow\">http:\/\/bit.ly\/3fBL1v<\/a> <a href=\"http:\/\/twitter.com\/cercoiltuovolto\/statuses\/5679697840\" class=\"aktt_tweet_time\">#<\/a><\/li>\n<li>#Gospels &#8211; Gospel for Sunday, November 15th, 2009 <a href=\"http:\/\/bit.ly\/3cnOjJ\" rel=\"nofollow\">http:\/\/bit.ly\/3cnOjJ<\/a> <a href=\"http:\/\/twitter.com\/cercoiltuovolto\/statuses\/5679679606\" class=\"aktt_tweet_time\">#<\/a><\/li>\n<li>Cronache Vaticane: il celibato nella Chiesa <a href=\"http:\/\/bit.ly\/2L6aXH\" rel=\"nofollow\">http:\/\/bit.ly\/2L6aXH<\/a> <a href=\"http:\/\/twitter.com\/cercoiltuovolto\/statuses\/5679668192\" class=\"aktt_tweet_time\">#<\/a><\/li>\n<li>#Video :Sant\u2019 Agostina (Livia) Pietrantoni Religiosa &#8211; 13 novembre http:\/\/tinyurl.com\/y8l4ye3 <a href=\"http:\/\/twitter.com\/cercoiltuovolto\/statuses\/5673724462\" class=\"aktt_tweet_time\">#<\/a><\/li>\n<li>#Vangelo,Gospel :Il vangelo del giorno &#8211; 13\/11\/2009 http:\/\/tinyurl.com\/yes2twa <a href=\"http:\/\/twitter.com\/cercoiltuovolto\/statuses\/5673722573\" class=\"aktt_tweet_time\">#<\/a><\/li>\n<li>#Video reading:Caff\u00e8 Amaro &#8211; ActionAid al fianco dei coltivatori di caff\u00e8 in Guatemala <a href=\"http:\/\/tinyurl.com\/yft6st8\" rel=\"nofollow\">http:\/\/tinyurl.com\/yft6st8<\/a> <a href=\"http:\/\/twitter.com\/cercoiltuovolto\/statuses\/5661888485\" class=\"aktt_tweet_time\">#<\/a><\/li>\n<li>#Video reading:Papa: \u201cL\u2019Universit\u00e0 ha bisogno di veri maestri\u201d <a href=\"http:\/\/tinyurl.com\/yl9c94s\" rel=\"nofollow\">http:\/\/tinyurl.com\/yl9c94s<\/a> <a href=\"http:\/\/twitter.com\/cercoiltuovolto\/statuses\/5661881722\" class=\"aktt_tweet_time\">#<\/a><\/li>\n<li>#Video reading:The Pope: Catholic Tradition promotes common good <a href=\"http:\/\/tinyurl.com\/yzjupk3\" rel=\"nofollow\">http:\/\/tinyurl.com\/yzjupk3<\/a> <a href=\"http:\/\/twitter.com\/cercoiltuovolto\/statuses\/5661875399\" class=\"aktt_tweet_time\">#<\/a><\/li>\n<li>#Video reading:The Pope: &quot;The University needs true teachers&quot; <a href=\"http:\/\/tinyurl.com\/ykpz6sz\" rel=\"nofollow\">http:\/\/tinyurl.com\/ykpz6sz<\/a> <a href=\"http:\/\/twitter.com\/cercoiltuovolto\/statuses\/5661873786\" class=\"aktt_tweet_time\">#<\/a><\/li>\n<li>#Video reading:Noi siamo Cattolici nella Chiesa Cattolica <a href=\"http:\/\/tinyurl.com\/yzlm796\" rel=\"nofollow\">http:\/\/tinyurl.com\/yzlm796<\/a> <a href=\"http:\/\/twitter.com\/cercoiltuovolto\/statuses\/5661727014\" class=\"aktt_tweet_time\">#<\/a><\/li>\n<li>#Video reading:Con noi, dalla nostra parte <a href=\"http:\/\/tinyurl.com\/yhsjfaq\" rel=\"nofollow\">http:\/\/tinyurl.com\/yhsjfaq<\/a> <a href=\"http:\/\/twitter.com\/cercoiltuovolto\/statuses\/5661712381\" class=\"aktt_tweet_time\">#<\/a><\/li>\n<li>#Diocesi reading:Passaggi &#8211; Attualit\u00e0 religiosa dal mondo &#8211; 12 Novembre 2009 <a href=\"http:\/\/tinyurl.com\/yzdo2dd\" rel=\"nofollow\">http:\/\/tinyurl.com\/yzdo2dd<\/a> <a href=\"http:\/\/twitter.com\/cercoiltuovolto\/statuses\/5661618425\" class=\"aktt_tweet_time\">#<\/a><\/li>\n<li>#Video reading:Pope meets with Republic of Croatia President Stejpan Mesic <a href=\"http:\/\/tinyurl.com\/yld34ph\" rel=\"nofollow\">http:\/\/tinyurl.com\/yld34ph<\/a> <a href=\"http:\/\/twitter.com\/cercoiltuovolto\/statuses\/5661592740\" class=\"aktt_tweet_time\">#<\/a><\/li>\n<li>Noi siamo Cattolici nella Chiesa Cattolica <a href=\"http:\/\/bit.ly\/43TpsE\" rel=\"nofollow\">http:\/\/bit.ly\/43TpsE<\/a> <a href=\"http:\/\/twitter.com\/cercoiltuovolto\/statuses\/5650979898\" class=\"aktt_tweet_time\">#<\/a><\/li>\n<li>San Giosafat Kuncewycz Vescovo e martire &#8211; 12 novembre http:\/\/bit.ly\/1kt3ee <a href=\"http:\/\/twitter.com\/cercoiltuovolto\/statuses\/5650545891\" class=\"aktt_tweet_time\">#<\/a><\/li>\n<li>Il vangelo del giorno &#8211; 12\/11\/2009 http:\/\/bit.ly\/1EZpNc <a href=\"http:\/\/twitter.com\/cercoiltuovolto\/statuses\/5650411254\" class=\"aktt_tweet_time\">#<\/a><\/li>\n<li>#Video :The Holy Father to Europe: &quot;Do not forget your history&quot; <a href=\"http:\/\/tinyurl.com\/ye42da8\" rel=\"nofollow\">http:\/\/tinyurl.com\/ye42da8<\/a> <a href=\"http:\/\/twitter.com\/cercoiltuovolto\/statuses\/5644112666\" class=\"aktt_tweet_time\">#<\/a><\/li>\n<li>#Video :Pope greets world march for peace and nonviolence <a href=\"http:\/\/tinyurl.com\/y984w6o\" rel=\"nofollow\">http:\/\/tinyurl.com\/y984w6o<\/a> <a href=\"http:\/\/twitter.com\/cercoiltuovolto\/statuses\/5644110378\" class=\"aktt_tweet_time\">#<\/a><\/li>\n<li>#Video :Pope: Bring home Sri Lanka refugees <a href=\"http:\/\/tinyurl.com\/ycqrkwu\" rel=\"nofollow\">http:\/\/tinyurl.com\/ycqrkwu<\/a> <a href=\"http:\/\/twitter.com\/cercoiltuovolto\/statuses\/5644062658\" class=\"aktt_tweet_time\">#<\/a><\/li>\n<li>#Video :Inaugura\u00e7\u00e3o da Rua em Ramla portugu\u00eas <a href=\"http:\/\/tinyurl.com\/yd6txfk\" rel=\"nofollow\">http:\/\/tinyurl.com\/yd6txfk<\/a> <a href=\"http:\/\/twitter.com\/cercoiltuovolto\/statuses\/5644047455\" class=\"aktt_tweet_time\">#<\/a><\/li>\n<li>#Video :Ci\u00f2 che avrei voluto dire&#8230;don Giorgio de Capitani <a href=\"http:\/\/tinyurl.com\/y88ol5h\" rel=\"nofollow\">http:\/\/tinyurl.com\/y88ol5h<\/a> <a href=\"http:\/\/twitter.com\/cercoiltuovolto\/statuses\/5644040801\" class=\"aktt_tweet_time\">#<\/a><\/li>\n<li>#Video :Matrimonio a Gerusalemme nella chiesa Melkita <a href=\"http:\/\/tinyurl.com\/yhv7wo4\" rel=\"nofollow\">http:\/\/tinyurl.com\/yhv7wo4<\/a> <a href=\"http:\/\/twitter.com\/cercoiltuovolto\/statuses\/5643994115\" class=\"aktt_tweet_time\">#<\/a><\/li>\n<li>reading:The Vatican Alma Mater <a href=\"http:\/\/tinyurl.com\/yjbue27\" rel=\"nofollow\">http:\/\/tinyurl.com\/yjbue27<\/a> <a href=\"http:\/\/twitter.com\/cercoiltuovolto\/statuses\/5630863323\" class=\"aktt_tweet_time\">#<\/a><\/li>\n<li>reading:Music From The Vatican Producers on Pope Benedict XVIs Music Heritage <a href=\"http:\/\/tinyurl.com\/ykqb3g7\" rel=\"nofollow\">http:\/\/tinyurl.com\/ykqb3g7<\/a> <a href=\"http:\/\/twitter.com\/cercoiltuovolto\/statuses\/5630858402\" class=\"aktt_tweet_time\">#<\/a><\/li>\n<li>reading:Pope dedicates the audience to monastery of Cluny <a href=\"http:\/\/tinyurl.com\/yj8uvbg\" rel=\"nofollow\">http:\/\/tinyurl.com\/yj8uvbg<\/a> <a href=\"http:\/\/twitter.com\/cercoiltuovolto\/statuses\/5630853611\" class=\"aktt_tweet_time\">#<\/a><\/li>\n<li>reading:The Holy Father: Peace and respect for human rights in Sri Lanka <a href=\"http:\/\/tinyurl.com\/yzmgxwr\" rel=\"nofollow\">http:\/\/tinyurl.com\/yzmgxwr<\/a> <a href=\"http:\/\/twitter.com\/cercoiltuovolto\/statuses\/5630850055\" class=\"aktt_tweet_time\">#<\/a><\/li>\n<li>reading:Benedict XVI sings for \u201cAlma Mater\u201d CD <a href=\"http:\/\/tinyurl.com\/yfjbvcr\" rel=\"nofollow\">http:\/\/tinyurl.com\/yfjbvcr<\/a> <a href=\"http:\/\/twitter.com\/cercoiltuovolto\/statuses\/5630845712\" class=\"aktt_tweet_time\">#<\/a><\/li>\n<li>#Video reading:Cronache Vaticane: come nascono nella Chiesa i documenti? <a href=\"http:\/\/tinyurl.com\/ylxs3vw\" rel=\"nofollow\">http:\/\/tinyurl.com\/ylxs3vw<\/a> <a href=\"http:\/\/twitter.com\/cercoiltuovolto\/statuses\/5630841305\" class=\"aktt_tweet_time\">#<\/a><\/li>\n<li>#Video :San Martino di Tours Vescovo &#8211; 11 novembre <a href=\"http:\/\/tinyurl.com\/ybjm6af\" rel=\"nofollow\">http:\/\/tinyurl.com\/ybjm6af<\/a> <a href=\"http:\/\/twitter.com\/cercoiltuovolto\/statuses\/5612548646\" class=\"aktt_tweet_time\">#<\/a><\/li>\n<li>#Video :Il vangelo del giorno &#8211; 11\/11\/2009 http:\/\/tinyurl.com\/yelmqam <a href=\"http:\/\/twitter.com\/cercoiltuovolto\/statuses\/5612546869\" class=\"aktt_tweet_time\">#<\/a><\/li>\n<li>#Video reading:Eucharistic procession in defense of life \u00a0 <a href=\"http:\/\/tinyurl.com\/yad7wps\" rel=\"nofollow\">http:\/\/tinyurl.com\/yad7wps<\/a> <a href=\"http:\/\/twitter.com\/cercoiltuovolto\/statuses\/5598284344\" class=\"aktt_tweet_time\">#<\/a><\/li>\n<li>#Video reading:The Vatican publishes law for Anglicans to join the Catholic Church <a href=\"http:\/\/tinyurl.com\/y86h2uk\" rel=\"nofollow\">http:\/\/tinyurl.com\/y86h2uk<\/a> <a href=\"http:\/\/twitter.com\/cercoiltuovolto\/statuses\/5598261160\" class=\"aktt_tweet_time\">#<\/a><\/li>\n<li>#Video reading:Webpage dedicated to Spanish martyrs <a href=\"http:\/\/tinyurl.com\/ye4l5mh\" rel=\"nofollow\">http:\/\/tinyurl.com\/ye4l5mh<\/a> <a href=\"http:\/\/twitter.com\/cercoiltuovolto\/statuses\/5598238540\" class=\"aktt_tweet_time\">#<\/a><\/li>\n<li>#Video :Pinocchio in ebraico ed arabo <a href=\"http:\/\/tinyurl.com\/ybwllcz\" rel=\"nofollow\">http:\/\/tinyurl.com\/ybwllcz<\/a> <a href=\"http:\/\/twitter.com\/cercoiltuovolto\/statuses\/5583193763\" class=\"aktt_tweet_time\">#<\/a><\/li>\n<li>#Video :San Leone I, detto Magno Papa e dottore della Chiesa &#8211; 10 novembre http:\/\/tinyurl.com\/yaf8g7r <a href=\"http:\/\/twitter.com\/cercoiltuovolto\/statuses\/5583189319\" class=\"aktt_tweet_time\">#<\/a><\/li>\n<li>#Video :Il vangelo del giorno &#8211; 10\/11\/2009 http:\/\/tinyurl.com\/ycxhr8j <a href=\"http:\/\/twitter.com\/cercoiltuovolto\/statuses\/5583187593\" class=\"aktt_tweet_time\">#<\/a><\/li>\n<li>#Video :Benedetto XVI a Brescia: CREDO E PREGHIERA DEI FEDELI <a href=\"http:\/\/tinyurl.com\/yzvjq9c\" rel=\"nofollow\">http:\/\/tinyurl.com\/yzvjq9c<\/a> <a href=\"http:\/\/twitter.com\/cercoiltuovolto\/statuses\/5583169649\" class=\"aktt_tweet_time\">#<\/a><\/li>\n<li>#Video reading:Benedict XVI: Welcome immigrants, do not reject them! <a href=\"http:\/\/tinyurl.com\/yjegn83\" rel=\"nofollow\">http:\/\/tinyurl.com\/yjegn83<\/a> <a href=\"http:\/\/twitter.com\/cercoiltuovolto\/statuses\/5568175008\" class=\"aktt_tweet_time\">#<\/a><\/li>\n<li>#Video reading:8 novembre 2009 &#8211; La Chiesa nella Citt\u00e0 <a href=\"http:\/\/tinyurl.com\/yhc7jsw\" rel=\"nofollow\">http:\/\/tinyurl.com\/yhc7jsw<\/a> <a href=\"http:\/\/twitter.com\/cercoiltuovolto\/statuses\/5568128913\" class=\"aktt_tweet_time\">#<\/a><\/li>\n<li>#Video reading:Pope: A poor and free Church to speak to the world <a href=\"http:\/\/tinyurl.com\/yhjs8nk\" rel=\"nofollow\">http:\/\/tinyurl.com\/yhjs8nk<\/a> <a href=\"http:\/\/twitter.com\/cercoiltuovolto\/statuses\/5568058991\" class=\"aktt_tweet_time\">#<\/a><\/li>\n<li>#Video reading:Pope visits Paul VI birthplace <a href=\"http:\/\/tinyurl.com\/yl2vtkc\" rel=\"nofollow\">http:\/\/tinyurl.com\/yl2vtkc<\/a> <a href=\"http:\/\/twitter.com\/cercoiltuovolto\/statuses\/5568002642\" class=\"aktt_tweet_time\">#<\/a><\/li>\n<li>#Video reading:Pope: A poor and free Church to speak to the world <a href=\"http:\/\/tinyurl.com\/ylrgjhf\" rel=\"nofollow\">http:\/\/tinyurl.com\/ylrgjhf<\/a> <a href=\"http:\/\/twitter.com\/cercoiltuovolto\/statuses\/5567983921\" class=\"aktt_tweet_time\">#<\/a><\/li>\n<li>#Video :Brescia. Chiesa Parrocchiale Di Botticino Sera <a href=\"http:\/\/bit.ly\/1X3swZ\" rel=\"nofollow\">http:\/\/bit.ly\/1X3swZ<\/a> <a href=\"http:\/\/twitter.com\/cercoiltuovolto\/statuses\/5562244723\" class=\"aktt_tweet_time\">#<\/a><\/li>\n<li>#Video :Brescia Mass 8.11.2009 <a href=\"http:\/\/bit.ly\/3XLqCO\" rel=\"nofollow\">http:\/\/bit.ly\/3XLqCO<\/a> <a href=\"http:\/\/twitter.com\/cercoiltuovolto\/statuses\/5562241322\" class=\"aktt_tweet_time\">#<\/a><\/li>\n<li>Pope signs constitution for Anglicans to join Catholic Church <a href=\"http:\/\/bit.ly\/2ZCGAe\" rel=\"nofollow\">http:\/\/bit.ly\/2ZCGAe<\/a> <a href=\"http:\/\/twitter.com\/cercoiltuovolto\/statuses\/5562206501\" class=\"aktt_tweet_time\">#<\/a><\/li>\n<li>\u201cLet us love the Church as our true mother!\u201d <a href=\"http:\/\/bit.ly\/1SI6gu\" rel=\"nofollow\">http:\/\/bit.ly\/1SI6gu<\/a> <a href=\"http:\/\/twitter.com\/cercoiltuovolto\/statuses\/5562182185\" class=\"aktt_tweet_time\">#<\/a><\/li>\n<li>#Video :Dedicazione della Basilica Lateranense &#8211; 09 novembre http:\/\/bit.ly\/4sqAwb <a href=\"http:\/\/twitter.com\/cercoiltuovolto\/statuses\/5555001118\" class=\"aktt_tweet_time\">#<\/a><\/li>\n<li>#Vangelo :Il vangelo del giorno &#8211; 09\/11\/2009 http:\/\/bit.ly\/3a5R1s <a href=\"http:\/\/twitter.com\/cercoiltuovolto\/statuses\/5554994780\" class=\"aktt_tweet_time\">#<\/a><\/li>\n<li>#Gospel :Video Evangelio: XXXIII ordinario (B) <a href=\"http:\/\/bit.ly\/1KvyrW\" rel=\"nofollow\">http:\/\/bit.ly\/1KvyrW<\/a> <a href=\"http:\/\/twitter.com\/cercoiltuovolto\/statuses\/5554966223\" class=\"aktt_tweet_time\">#<\/a><\/li>\n<li>#Video :Video Evangelio: XXXIII ORDINARA DIMAN\u0108O (B) <a href=\"http:\/\/bit.ly\/SxyvS\" rel=\"nofollow\">http:\/\/bit.ly\/SxyvS<\/a> <a href=\"http:\/\/twitter.com\/cercoiltuovolto\/statuses\/5554962042\" class=\"aktt_tweet_time\">#<\/a><\/li>\n<li>BeingCatholic.org #News :SCOZIA: UN SITO INTERNET PER AIUTARE GLI ADULTI A CRESCERE NELLA FEDE http:\/\/bit.ly\/2jaQxN <a href=\"http:\/\/twitter.com\/cercoiltuovolto\/statuses\/5554712276\" class=\"aktt_tweet_time\">#<\/a><\/li>\n<li>#Video reading:Benedetto XVI: Angelus a Brescia, rievoca figura Paolo VI e culto mariano <a href=\"http:\/\/tinyurl.com\/yzxnoa8\" rel=\"nofollow\">http:\/\/tinyurl.com\/yzxnoa8<\/a> <a href=\"http:\/\/twitter.com\/cercoiltuovolto\/statuses\/5538761100\" class=\"aktt_tweet_time\">#<\/a><\/li>\n<li>#Video reading:PAOLO VI: CONCLUSIONE DEL CONCILIO 8 DICEMBRE 1965 <a href=\"http:\/\/tinyurl.com\/yzbe5v4\" rel=\"nofollow\">http:\/\/tinyurl.com\/yzbe5v4<\/a> <a href=\"http:\/\/twitter.com\/cercoiltuovolto\/statuses\/5538675036\" class=\"aktt_tweet_time\">#<\/a><\/li>\n<li>#Video reading:Il vangelo del giorno &#8211; 08\/11\/2009 http:\/\/tinyurl.com\/yc8v9e9 <a href=\"http:\/\/twitter.com\/cercoiltuovolto\/statuses\/5530882944\" class=\"aktt_tweet_time\">#<\/a><\/li>\n<li>#Video reading:San Goffredo di Amiens Vescovo &#8211; 08 novembre http:\/\/tinyurl.com\/ybo63at <a href=\"http:\/\/twitter.com\/cercoiltuovolto\/statuses\/5530517358\" class=\"aktt_tweet_time\">#<\/a><\/li>\n<\/ul>\n","protected":false},"excerpt":{"rendered":"<p>#Video reading:Sant\u2019 Alberto Magno Vescovo e dottore della Chiesa &#8211; 15 novembre http:\/\/tinyurl.com\/ybxyu6r # #Video reading:Il vangelo del giorno &#8211; 15\/11\/2009 http:\/\/tinyurl.com\/ya9dd5p # #Video reading:Bienvenidos al Studium Biblicum http:\/\/tinyurl.com\/yglvgpu # #Pope reading:Card. Bertone ricorda la visita di Giovanni Paolo II al parlamento italiano del 14 novembre 2002 http:\/\/tinyurl.com\/yllgulu # #Video reading:The Vatican to officially comment&#8230;<\/p>\n","protected":false},"author":3,"featured_media":0,"comment_status":"closed","ping_status":"closed","sticky":false,"template":"","format":"standard","meta":{"_kad_post_transparent":"","_kad_post_title":"","_kad_post_layout":"","_kad_post_sidebar_id":"","_kad_post_content_style":"","_kad_post_vertical_padding":"","_kad_post_feature":"","_kad_post_feature_position":"","_kad_post_header":false,"_kad_post_footer":false,"_kad_post_classname":"","footnotes":""},"categories":[99,190],"tags":[113],"class_list":["post-229086","post","type-post","status-publish","format-standard","hentry","category-99","category-twitter","tag-video"],"_links":{"self":[{"href":"https:\/\/archivio.cercoiltuovolto.it\/index.php?rest_route=\/wp\/v2\/posts\/229086","targetHints":{"allow":["GET"]}}],"collection":[{"href":"https:\/\/archivio.cercoiltuovolto.it\/index.php?rest_route=\/wp\/v2\/posts"}],"about":[{"href":"https:\/\/archivio.cercoiltuovolto.it\/index.php?rest_route=\/wp\/v2\/types\/post"}],"author":[{"embeddable":true,"href":"https:\/\/archivio.cercoiltuovolto.it\/index.php?rest_route=\/wp\/v2\/users\/3"}],"replies":[{"embeddable":true,"href":"https:\/\/archivio.cercoiltuovolto.it\/index.php?rest_route=%2Fwp%2Fv2%2Fcomments&post=229086"}],"version-history":[{"count":0,"href":"https:\/\/archivio.cercoiltuovolto.it\/index.php?rest_route=\/wp\/v2\/posts\/229086\/revisions"}],"wp:attachment":[{"href":"https:\/\/archivio.cercoiltuovolto.it\/index.php?rest_route=%2Fwp%2Fv2%2Fmedia&parent=229086"}],"wp:term":[{"taxonomy":"category","embeddable":true,"href":"https:\/\/archivio.cercoiltuovolto.it\/index.php?rest_route=%2Fwp%2Fv2%2Fcategories&post=229086"},{"taxonomy":"post_tag","embeddable":true,"href":"https:\/\/archivio.cercoiltuovolto.it\/index.php?rest_route=%2Fwp%2Fv2%2Ftags&post=229086"}],"curies":[{"name":"wp","href":"https:\/\/api.w.org\/{rel}","templated":true}]}}