{"id":229084,"date":"2009-11-14T23:42:47","date_gmt":"2009-11-14T23:42:47","guid":{"rendered":"https:\/\/archivio.cercoiltuovolto.it\/?p=229084"},"modified":"2009-11-14T23:42:47","modified_gmt":"2009-11-14T23:42:47","slug":"commento-al-vangelo-del-15-novembre-2009-don-massimo-serretti","status":"publish","type":"post","link":"https:\/\/archivio.cercoiltuovolto.it\/?p=229084","title":{"rendered":"Commento al Vangelo del 15 novembre 2009 &#8211; don Massimo Serretti"},"content":{"rendered":"<p>In questa 33.ma Domenica del Tempo Ordinario la Liturgia ci presenta il discorso escatologico di Ges\u00f9 che annuncia ai discepoli quanto accadr\u00e0 negli ultimi tempi: \u201cil sole si oscurer\u00e0, la luna non dar\u00e0 pi\u00f9 la sua luce, le stelle cadranno dal cielo e le potenze che sono nei cieli saranno sconvolte. Allora vedranno il Figlio dell&#8217;uomo venire sulle nubi con grande potenza e gloria\u201d. Quindi aggiunge:<\/p>\n<blockquote>\n<p>\u201cIl cielo e la terra passeranno, ma le mie parole non passeranno. Quanto per\u00f2 a quel giorno o a quell&#8217;ora, nessuno lo sa, n\u00e9 gli angeli nel cielo n\u00e9 il Figlio, eccetto il Padre\u201d.<\/p>\n<\/blockquote>\n<p>Su questo brano del Vangelo, ascoltiamo il commento del teologo, don Massimo Serretti, docente di Dogmatica alla Pontificia Universit\u00e0 Lateranense:<\/p>\n<p>[powerpress]<\/p>\n<blockquote>\n<p style=\"text-align: justify;\">Mentre la prima venuta del Figlio avviene in un\u2019epoca di relativa pace, la\u00a0 seconda\u00a0\u00e8 profetizzata in mezzo a grandi sconvolgimenti e tribolazioni, in mezzo a guerre e persecuzioni contro coloro che credono in Lui. Alla perturbazione storica, inoltre, si accompagner\u00e0 un cataclisma cosmico di portata universale.<br \/>\n E&#8217; in questo contesto che il Figlio dell&#8217;Uomo verr\u00e0 e si presenter\u00e0, non pi\u00f9 nell&#8217;umilt\u00e0 nascosta del parto notturno, ma nell&#8217;intensit\u00e0 irresistibile del Giudice pieno di potenza e di gloria.<br \/>\n Egli verr\u00e0 per radunare i suoi, coloro che gli appartengono, coloro che in mezzo ai sovvertimenti, alle persecuzioni e alle seduzioni degli spiriti impuri che parlano e compiono prodigi nei falsi profeti, avranno perseverato nella vera fede e nella costruzione del vero bene.<br \/>\n Lo splendore della Sua gloria briller\u00e0 vittorioso tra le rovine e le violenze. La Sua chiamata definitiva, portata dagli Angeli \u00abdall&#8217;estremit\u00e0 della terra fino all&#8217;estremit\u00e0 del cielo\u00bb, risuoner\u00e0 in mezzo al frastuono e al chiasso della disobbedienza. E&#8217; dunque l\u00ec che siamo chiamati a stare, \u00e8 l\u00ec che siamo chiamati a perseverare. Beato il servo che il padrone tornando trover\u00e0 sveglio, al suo lavoro (cf. Mt 24, 46). Non appartati, ma dentro l&#8217;agone della storia.<br \/>\n Ancora una volta sar\u00e0 nel cuore della tenebra che sfolgorer\u00e0 la Luce.<\/p>\n<\/blockquote>\n<p class=\"cassetta\">Fonte: Radio Vaticana<\/p>\n","protected":false},"excerpt":{"rendered":"<p>In questa 33.ma Domenica del Tempo Ordinario la Liturgia ci presenta il discorso escatologico di Ges\u00f9 che annuncia ai discepoli quanto accadr\u00e0 negli ultimi tempi: \u201cil sole si oscurer\u00e0, la luna non dar\u00e0 pi\u00f9 la sua luce, le stelle cadranno dal cielo e le potenze che sono nei cieli saranno sconvolte. Allora vedranno il Figlio&#8230;<\/p>\n","protected":false},"author":3,"featured_media":0,"comment_status":"closed","ping_status":"closed","sticky":false,"template":"","format":"standard","meta":{"_kad_post_transparent":"","_kad_post_title":"","_kad_post_layout":"","_kad_post_sidebar_id":"","_kad_post_content_style":"","_kad_post_vertical_padding":"","_kad_post_feature":"","_kad_post_feature_position":"","_kad_post_header":false,"_kad_post_footer":false,"_kad_post_classname":"","footnotes":""},"categories":[99,4],"tags":[5,27,172],"class_list":["post-229084","post","type-post","status-publish","format-standard","hentry","category-99","category-audio-cattolici","tag-commento-al-vangelo","tag-radio-vaticana","tag-vangelo-della-domenica"],"_links":{"self":[{"href":"https:\/\/archivio.cercoiltuovolto.it\/index.php?rest_route=\/wp\/v2\/posts\/229084","targetHints":{"allow":["GET"]}}],"collection":[{"href":"https:\/\/archivio.cercoiltuovolto.it\/index.php?rest_route=\/wp\/v2\/posts"}],"about":[{"href":"https:\/\/archivio.cercoiltuovolto.it\/index.php?rest_route=\/wp\/v2\/types\/post"}],"author":[{"embeddable":true,"href":"https:\/\/archivio.cercoiltuovolto.it\/index.php?rest_route=\/wp\/v2\/users\/3"}],"replies":[{"embeddable":true,"href":"https:\/\/archivio.cercoiltuovolto.it\/index.php?rest_route=%2Fwp%2Fv2%2Fcomments&post=229084"}],"version-history":[{"count":0,"href":"https:\/\/archivio.cercoiltuovolto.it\/index.php?rest_route=\/wp\/v2\/posts\/229084\/revisions"}],"wp:attachment":[{"href":"https:\/\/archivio.cercoiltuovolto.it\/index.php?rest_route=%2Fwp%2Fv2%2Fmedia&parent=229084"}],"wp:term":[{"taxonomy":"category","embeddable":true,"href":"https:\/\/archivio.cercoiltuovolto.it\/index.php?rest_route=%2Fwp%2Fv2%2Fcategories&post=229084"},{"taxonomy":"post_tag","embeddable":true,"href":"https:\/\/archivio.cercoiltuovolto.it\/index.php?rest_route=%2Fwp%2Fv2%2Ftags&post=229084"}],"curies":[{"name":"wp","href":"https:\/\/api.w.org\/{rel}","templated":true}]}}