{"id":229077,"date":"2009-11-13T13:34:00","date_gmt":"2009-11-13T13:34:00","guid":{"rendered":"https:\/\/archivio.cercoiltuovolto.it\/?p=229077"},"modified":"2009-11-13T13:34:00","modified_gmt":"2009-11-13T13:34:00","slug":"commento-al-vangelo-del-15-novembre-2009-com-catt-ungheria","status":"publish","type":"post","link":"https:\/\/archivio.cercoiltuovolto.it\/?p=229077","title":{"rendered":"Commento al Vangelo del 15 novembre 2009 &#8211; Com. Catt. Ungheria"},"content":{"rendered":"<p style=\"text-align: justify;\">Il cielo e la terra passeranno, ma le mie parole non passeranno. Quanto per\u00f2 a quel giorno o a quell\u2019ora, nessuno lo sa, n\u00e9 gli angeli nel cielo n\u00e9 il Figlio, eccetto il Padre\u2026(Mc 13,24-32)<\/p>\n<p style=\"text-align: center;\">\n<blockquote>\n<p>Da S.Agostino, Vescovo<\/p>\n<p>Lo vogliamo o no, egli verr\u00e0. Verr\u00e0, e quando non lo aspetti. Se ti trover\u00e0 pronto, non ti nuocer\u00e0 il fatto di non averne conosciuto in anticipo il momento esatto.<\/p>\n<p>\u00abE si rallegreranno tutti gli alberi della foresta\u00bb. E\u2019 venuto una prima volta, e poi torner\u00e0 a giudicare la terra. Trover\u00e0 pieni di gioia  coloro che alla sua prima venuta \u00abhanno creduto che torner\u00e0\u00bb. Trover\u00e0 pieni di gioia coloro che alla sua prima venuta \u00abhanno creduto che torner\u00e0\u00bb.<\/p>\n<\/blockquote>\n<p><br class=\"spacer_\" \/><\/p>\n","protected":false},"excerpt":{"rendered":"<p>Il cielo e la terra passeranno, ma le mie parole non passeranno. Quanto per\u00f2 a quel giorno o a quell\u2019ora, nessuno lo sa, n\u00e9 gli angeli nel cielo n\u00e9 il Figlio, eccetto il Padre\u2026(Mc 13,24-32) Da S.Agostino, Vescovo Lo vogliamo o no, egli verr\u00e0. Verr\u00e0, e quando non lo aspetti. Se ti trover\u00e0 pronto, non&#8230;<\/p>\n","protected":false},"author":3,"featured_media":0,"comment_status":"closed","ping_status":"closed","sticky":false,"template":"","format":"standard","meta":{"_kad_post_transparent":"","_kad_post_title":"","_kad_post_layout":"","_kad_post_sidebar_id":"","_kad_post_content_style":"","_kad_post_vertical_padding":"","_kad_post_feature":"","_kad_post_feature_position":"","_kad_post_header":false,"_kad_post_footer":false,"_kad_post_classname":"","footnotes":""},"categories":[99,147],"tags":[22,172,113],"class_list":["post-229077","post","type-post","status-publish","format-standard","hentry","category-99","category-commento-al-vangelo","tag-francescani","tag-vangelo-della-domenica","tag-video"],"_links":{"self":[{"href":"https:\/\/archivio.cercoiltuovolto.it\/index.php?rest_route=\/wp\/v2\/posts\/229077","targetHints":{"allow":["GET"]}}],"collection":[{"href":"https:\/\/archivio.cercoiltuovolto.it\/index.php?rest_route=\/wp\/v2\/posts"}],"about":[{"href":"https:\/\/archivio.cercoiltuovolto.it\/index.php?rest_route=\/wp\/v2\/types\/post"}],"author":[{"embeddable":true,"href":"https:\/\/archivio.cercoiltuovolto.it\/index.php?rest_route=\/wp\/v2\/users\/3"}],"replies":[{"embeddable":true,"href":"https:\/\/archivio.cercoiltuovolto.it\/index.php?rest_route=%2Fwp%2Fv2%2Fcomments&post=229077"}],"version-history":[{"count":0,"href":"https:\/\/archivio.cercoiltuovolto.it\/index.php?rest_route=\/wp\/v2\/posts\/229077\/revisions"}],"wp:attachment":[{"href":"https:\/\/archivio.cercoiltuovolto.it\/index.php?rest_route=%2Fwp%2Fv2%2Fmedia&parent=229077"}],"wp:term":[{"taxonomy":"category","embeddable":true,"href":"https:\/\/archivio.cercoiltuovolto.it\/index.php?rest_route=%2Fwp%2Fv2%2Fcategories&post=229077"},{"taxonomy":"post_tag","embeddable":true,"href":"https:\/\/archivio.cercoiltuovolto.it\/index.php?rest_route=%2Fwp%2Fv2%2Ftags&post=229077"}],"curies":[{"name":"wp","href":"https:\/\/api.w.org\/{rel}","templated":true}]}}