{"id":229053,"date":"2009-11-07T14:27:21","date_gmt":"2009-11-07T14:27:21","guid":{"rendered":"https:\/\/archivio.cercoiltuovolto.it\/?p=229053"},"modified":"2009-11-07T14:27:21","modified_gmt":"2009-11-07T14:27:21","slug":"commento-al-vangelo-del-8-novembre-2009-don-massimo-serretti","status":"publish","type":"post","link":"https:\/\/archivio.cercoiltuovolto.it\/?p=229053","title":{"rendered":"Commento al Vangelo del 8 novembre 2009 &#8211; don Massimo Serretti"},"content":{"rendered":"<p style=\"text-align: justify;\"><a href=\"http:\/\/www.cercoiltuovolto.it\/\/wp-content\/uploads\/2009\/11\/serretti_massimo.jpg\"><img loading=\"lazy\" decoding=\"async\" class=\"alignleft size-full wp-image-7764\" title=\"serretti_massimo\" src=\"http:\/\/www.cercoiltuovolto.it\/\/wp-content\/uploads\/2009\/11\/serretti_massimo.jpg\" alt=\"serretti_massimo\" width=\"90\" height=\"120\" \/><\/a>In questa 32.ma Domenica del Tempo Ordinario la Liturgia ci presenta il passo del Vangelo in cui Ges\u00f9, insegnando nel tempio, biasima gli scribi, che vogliono avere i primi posti nelle sinagoghe e nei banchetti e pregano a lungo per farsi vedere. Loda invece una povera vedova che getta nel tesoro del tempio due monetine, mentre tanti ricchi ne gettavano molte. Quindi dice: <\/p>\n<p> <em>\u201cQuesta vedova, cos\u00ec povera, ha gettato nel tesoro pi\u00f9 di tutti gli altri. Tutti infatti hanno gettato parte del loro superfluo. Lei invece, nella sua miseria, vi ha gettato tutto quello che aveva per vivere\u201d.<\/em><\/p>\n<p style=\"text-align: justify;\">[powerpress]<em><br \/>\n <\/em><\/p>\n<blockquote>\n<p style=\"text-align: justify;\">Nessuno \u00e8 talmente povero, da ogni punto di vista, da non aver nulla da dare perch\u00e9 al fondo del dare c&#8217;\u00e8 l&#8217;Io stesso e, alla fin fine, il serio della donazione consiste nella donazione di s\u00e9.<\/p>\n<p> Benedetta Bianchi Porro, dopo una vita di sofferenze indicibili, che iniziarono dall&#8217;infanzia e si amplificarono in un crescendo senza termine, a 28 anni, prima di morire, affermava di aver ancora qualche briciola da dare. E proprio il giorno precedente la sua morte ricordava alla madre la leggenda, che le era rimasta impressa, di un mendicante che un giorno incontra il Re dei Re sul suo cocchio dorato. &#8220;Il cocchio mi si ferm\u00f2 accanto. Il tuo sguardo cadde su di me e scendesti con un sorriso. Sentivo che era giunto alfine il momento supremo della mia vita. Ma tu, tutto a un tratto, mi stendesti la mano dritta dicendomi: &#8216;Che cosa hai da darmi?&#8217; Ah! quale regalo fu quello di tendere la tua palma regale per chiedere a un povero! Confuso ed esitante tirai fuori lentamente dalla mia bisaccia un chicco di grano e te lo diedi. Ma quale non fu la mia sorpresa quando sul finire del giorno, vuotai la mia bisaccia per terra e trovai nello scarso mucchietto un granellino d&#8217;oro! Piansi amaramente di non aver avuto il cuore di darti tutto quello che possedevo&#8221;.<\/p>\n<\/blockquote>\n<p class=\"sito-web\">Fonte: Radio Vaticana<\/p>\n","protected":false},"excerpt":{"rendered":"<p>In questa 32.ma Domenica del Tempo Ordinario la Liturgia ci presenta il passo del Vangelo in cui Ges\u00f9, insegnando nel tempio, biasima gli scribi, che vogliono avere i primi posti nelle sinagoghe e nei banchetti e pregano a lungo per farsi vedere. Loda invece una povera vedova che getta nel tesoro del tempio due monetine,&#8230;<\/p>\n","protected":false},"author":3,"featured_media":0,"comment_status":"closed","ping_status":"closed","sticky":false,"template":"","format":"standard","meta":{"_kad_post_transparent":"","_kad_post_title":"","_kad_post_layout":"","_kad_post_sidebar_id":"","_kad_post_content_style":"","_kad_post_vertical_padding":"","_kad_post_feature":"","_kad_post_feature_position":"","_kad_post_header":false,"_kad_post_footer":false,"_kad_post_classname":"","footnotes":""},"categories":[99,4],"tags":[5,27,172],"class_list":["post-229053","post","type-post","status-publish","format-standard","hentry","category-99","category-audio-cattolici","tag-commento-al-vangelo","tag-radio-vaticana","tag-vangelo-della-domenica"],"_links":{"self":[{"href":"https:\/\/archivio.cercoiltuovolto.it\/index.php?rest_route=\/wp\/v2\/posts\/229053","targetHints":{"allow":["GET"]}}],"collection":[{"href":"https:\/\/archivio.cercoiltuovolto.it\/index.php?rest_route=\/wp\/v2\/posts"}],"about":[{"href":"https:\/\/archivio.cercoiltuovolto.it\/index.php?rest_route=\/wp\/v2\/types\/post"}],"author":[{"embeddable":true,"href":"https:\/\/archivio.cercoiltuovolto.it\/index.php?rest_route=\/wp\/v2\/users\/3"}],"replies":[{"embeddable":true,"href":"https:\/\/archivio.cercoiltuovolto.it\/index.php?rest_route=%2Fwp%2Fv2%2Fcomments&post=229053"}],"version-history":[{"count":0,"href":"https:\/\/archivio.cercoiltuovolto.it\/index.php?rest_route=\/wp\/v2\/posts\/229053\/revisions"}],"wp:attachment":[{"href":"https:\/\/archivio.cercoiltuovolto.it\/index.php?rest_route=%2Fwp%2Fv2%2Fmedia&parent=229053"}],"wp:term":[{"taxonomy":"category","embeddable":true,"href":"https:\/\/archivio.cercoiltuovolto.it\/index.php?rest_route=%2Fwp%2Fv2%2Fcategories&post=229053"},{"taxonomy":"post_tag","embeddable":true,"href":"https:\/\/archivio.cercoiltuovolto.it\/index.php?rest_route=%2Fwp%2Fv2%2Ftags&post=229053"}],"curies":[{"name":"wp","href":"https:\/\/api.w.org\/{rel}","templated":true}]}}