{"id":229040,"date":"2009-11-05T06:03:30","date_gmt":"2009-11-05T06:03:30","guid":{"rendered":"https:\/\/archivio.cercoiltuovolto.it\/?p=229040"},"modified":"2009-11-05T06:03:30","modified_gmt":"2009-11-05T06:03:30","slug":"commento-al-vangelo-del-8-novembre-2009-comunita-cattolica-ungherese","status":"publish","type":"post","link":"https:\/\/archivio.cercoiltuovolto.it\/?p=229040","title":{"rendered":"Commento al Vangelo del 8 novembre 2009 &#8211; Comunit\u00e0 cattolica ungherese"},"content":{"rendered":"<p style=\"text-align: justify;\">Commento al Vangelo di domenica prossima a cura di p. Sergio della <a href=\"http:\/\/marcodaviano.wordpress.com\/2009\/11\/04\/dai-quello-che-sei-anche-solo-2-soldi\/\" target=\"_blank\">Comunit\u00e0 cattolica italiana in Ungheria<\/a>.<\/p>\n<blockquote>\n<p style=\"text-align: justify;\"><em><a href=\"http:\/\/www.cercoiltuovolto.it\/\/wp-content\/uploads\/2009\/11\/vedova.jpg\"><img loading=\"lazy\" decoding=\"async\" class=\"alignleft size-thumbnail wp-image-7704\" title=\"vedova\" src=\"http:\/\/www.cercoiltuovolto.it\/\/wp-content\/uploads\/2009\/11\/vedova-75x75.jpg\" alt=\"vedova\" width=\"75\" height=\"75\" \/><\/a>Venuta una vedova povera, gett\u00f2 (nel tesoro) due monetine, che fanno un soldo. Allora Ges\u00fa, chiamati a s\u00e9 i suoi discepoli, disse loro: \u00abQuesta vedova, cos\u00ec povera, ha gettato nel tesoro pi\u00f9 di tutti gli altri. Tutti infatti hanno gettato parte del loro superfluo. Lei invece, nella sua miseria, vi ha gettato tutto quello che aveva, tutto quanto aveva per vivere (Mc 12,38-44)<\/em><\/p>\n<\/blockquote>\n<p style=\"text-align: center;\">\n<p style=\"text-align: justify;\">La vedova ha dato del suo necessario, a differenza dei ricchi, che danno qualcosa della loro potenza e dei loro privilegi con ostentata e pomposa ricerca della propria gloria. Il gesto furtivo con cui la vedova getta in silenzio i suoi due spiccioli \u00e8 un gesto di preghiera, di fede e di amore. L&#8217;obolo \u00e8 insignificante, ma il dono \u00e8 totale; tanto pi\u00f9 grande quanto meno si ostenta, e anzi cerca di nascondersi. Ges\u00f9, che ha ammirato il gesto e l&#8217;ha lodato, non misura gli atti umani col nostro metro che si ferma alle apparenze.<\/p>\n<p style=\"text-align: justify;\">Egli non misura in cifre quello che doniamo; lo misura in amore, lo valuta secondo il metro dei valori interiori della persona; egli arriva al cuore.<\/p>\n<p style=\"text-align: justify;\">Donare cos\u00ec, come la vedova, \u00e8 donare come fa Dio, il quale non ci dona della sua abbondanza, non ci dona di quello che ha, ma di quello che \u00e8: la sua stessa vita divina. Ges\u00f9 povero e servitore degli uomini non \u00e8 una parentesi nella vita di Dio, ma la manifestazione della condizione stessa di Dio. Egli non \u00e8 un ricco venuto a visitare, da turista, la terra sottosviluppata dell&#8217;umanit\u00e0; egli \u00e8 il nostro fratello che \u00e8 diventato povero e schiavo, per arricchire della sua ricchezza la nostra povert\u00e0.<\/p>\n","protected":false},"excerpt":{"rendered":"<p>Commento al Vangelo di domenica prossima a cura di p. Sergio della Comunit\u00e0 cattolica italiana in Ungheria. Venuta una vedova povera, gett\u00f2 (nel tesoro) due monetine, che fanno un soldo. Allora Ges\u00fa, chiamati a s\u00e9 i suoi discepoli, disse loro: \u00abQuesta vedova, cos\u00ec povera, ha gettato nel tesoro pi\u00f9 di tutti gli altri. Tutti infatti&#8230;<\/p>\n","protected":false},"author":3,"featured_media":0,"comment_status":"closed","ping_status":"closed","sticky":false,"template":"","format":"standard","meta":{"_kad_post_transparent":"","_kad_post_title":"","_kad_post_layout":"","_kad_post_sidebar_id":"","_kad_post_content_style":"","_kad_post_vertical_padding":"","_kad_post_feature":"","_kad_post_feature_position":"","_kad_post_header":false,"_kad_post_footer":false,"_kad_post_classname":"","footnotes":""},"categories":[99,147],"tags":[22,172,113],"class_list":["post-229040","post","type-post","status-publish","format-standard","hentry","category-99","category-commento-al-vangelo","tag-francescani","tag-vangelo-della-domenica","tag-video"],"_links":{"self":[{"href":"https:\/\/archivio.cercoiltuovolto.it\/index.php?rest_route=\/wp\/v2\/posts\/229040","targetHints":{"allow":["GET"]}}],"collection":[{"href":"https:\/\/archivio.cercoiltuovolto.it\/index.php?rest_route=\/wp\/v2\/posts"}],"about":[{"href":"https:\/\/archivio.cercoiltuovolto.it\/index.php?rest_route=\/wp\/v2\/types\/post"}],"author":[{"embeddable":true,"href":"https:\/\/archivio.cercoiltuovolto.it\/index.php?rest_route=\/wp\/v2\/users\/3"}],"replies":[{"embeddable":true,"href":"https:\/\/archivio.cercoiltuovolto.it\/index.php?rest_route=%2Fwp%2Fv2%2Fcomments&post=229040"}],"version-history":[{"count":0,"href":"https:\/\/archivio.cercoiltuovolto.it\/index.php?rest_route=\/wp\/v2\/posts\/229040\/revisions"}],"wp:attachment":[{"href":"https:\/\/archivio.cercoiltuovolto.it\/index.php?rest_route=%2Fwp%2Fv2%2Fmedia&parent=229040"}],"wp:term":[{"taxonomy":"category","embeddable":true,"href":"https:\/\/archivio.cercoiltuovolto.it\/index.php?rest_route=%2Fwp%2Fv2%2Fcategories&post=229040"},{"taxonomy":"post_tag","embeddable":true,"href":"https:\/\/archivio.cercoiltuovolto.it\/index.php?rest_route=%2Fwp%2Fv2%2Ftags&post=229040"}],"curies":[{"name":"wp","href":"https:\/\/api.w.org\/{rel}","templated":true}]}}