{"id":229022,"date":"2009-11-02T18:37:55","date_gmt":"2009-11-02T18:37:55","guid":{"rendered":"https:\/\/archivio.cercoiltuovolto.it\/?p=229022"},"modified":"2009-11-02T18:37:55","modified_gmt":"2009-11-02T18:37:55","slug":"religione-e-scuola-terza-e-quarta-puntata","status":"publish","type":"post","link":"https:\/\/archivio.cercoiltuovolto.it\/?p=229022","title":{"rendered":"Religione e Scuola &#8211; Terza e quarta puntata"},"content":{"rendered":"<h3>Le fedi degli altri &#8211; Terza puntata &#8211; 31 ottobre 2009<\/h3>\n<p style=\"text-align: justify;\">E&#8217; opportuno inserire nella formazione scolastica l&#8217;insegnamento di altre confessioni religiose? E&#8217; auspicabile introdurre nei programmi delle nostre scuole lo studio di storia delle religioni? E come si insegna la religione nel resto dell&#8217;Europa? Guidati dallo storico del Cristianesimo Gaetano Lettieri, ne parliamo in questa puntata con Amos Luzzatto, che \u00e8 stato Presidente dell&#8217;Unione delle Comunit\u00e0 Ebraiche Italiane, con il teologo valdese Daniele Garrone, con l&#8217;islamista Paolo Branca e con Flavio Pajer, che insegna &#8220;Pedagogia e didattica delle religioni&#8221; presso la Pontificia Universit\u00e0 Salesiana di Roma.<\/p>\n<p style=\"text-align: justify;\"><strong><em>Fonte: <a href=\"http:\/\/www.radio.rai.it\/radio3\/uomini_profeti\/view.cfm?Q_EV_ID=301487\" target=\"_blank\">Uomini e Profeti &#8211; Radio Rai 3<\/a> | Download file <a href=\"http:\/\/www.radio.rai.it\/radio3\/uomini_profeti\/archivio_2009\/audio\/uomini_profeti2009_10_31.ram\" target=\"_blank\">.ram<\/a><\/em><\/strong><\/p>\n<h3>Cristianesimo e laicit\u00e0 &#8211; Quarta e ultima puntata &#8211; 01 novembre 2009<\/h3>\n<p style=\"text-align: justify;\"><a href=\"http:\/\/www.cercoiltuovolto.it\/\/wp-content\/uploads\/2009\/10\/scuola.jpg\"><img loading=\"lazy\" decoding=\"async\" class=\"alignleft size-medium wp-image-7516\" title=\"scuola\" src=\"http:\/\/www.cercoiltuovolto.it\/\/wp-content\/uploads\/2009\/10\/scuola-300x288.jpg\" alt=\"scuola\" width=\"108\" height=\"104\" \/><\/a>Qual&#8217;\u00e8 nella nostra societ\u00e0 il rapporto tra cristianesimo e cultura laica? Quale lettura \u00e8 possibile dare oggi nel mondo occidentale al messaggio bilbico? Quale ruolo hanno le famiglie nella formazione religiosa? Ne parliamo con lo storico del Cristanesimo Gaetano Lettieri, in dialogo con la sociologa  Chiara Saraceno e il biblista Piero Stefani, nell&#8217;ultima puntata di questa serie dedicata al tema dell&#8217;insegnamento della religione nelle nostre scuole.<\/p>\n<p style=\"text-align: justify;\"><strong><em>Fonte: <a href=\"http:\/\/www.radio.rai.it\/radio3\/uomini_profeti\/view.cfm?Q_EV_ID=301507\" target=\"_blank\">Uomini e Profeti &#8211; Radio Rai 3<\/a> | Download file <a href=\"http:\/\/www.radio.rai.it\/radio3\/uomini_profeti\/archivio_2009\/audio\/uomini_profeti2009_11_01.ram\" target=\"_blank\">.ram<\/a><\/em><\/strong><\/p>\n<p class=\"download\" style=\"text-align: justify;\"><a href=\"http:\/\/www.mediafire.com\/file\/zmwvwdzitc2\/Religioni-a-scuola-Uomini-e-Profeti-3-e-4.zip\" target=\"_blank\"><strong>Scarica i 2 file mp3 delle puntate<\/strong><\/a><\/p>\n","protected":false},"excerpt":{"rendered":"<p>Le fedi degli altri &#8211; Terza puntata &#8211; 31 ottobre 2009 E&#8217; opportuno inserire nella formazione scolastica l&#8217;insegnamento di altre confessioni religiose? E&#8217; auspicabile introdurre nei programmi delle nostre scuole lo studio di storia delle religioni? E come si insegna la religione nel resto dell&#8217;Europa? Guidati dallo storico del Cristianesimo Gaetano Lettieri, ne parliamo in&#8230;<\/p>\n","protected":false},"author":3,"featured_media":0,"comment_status":"closed","ping_status":"closed","sticky":false,"template":"","format":"standard","meta":{"_kad_post_transparent":"","_kad_post_title":"","_kad_post_layout":"","_kad_post_sidebar_id":"","_kad_post_content_style":"","_kad_post_vertical_padding":"","_kad_post_feature":"","_kad_post_feature_position":"","_kad_post_header":false,"_kad_post_footer":false,"_kad_post_classname":"","footnotes":""},"categories":[99,4],"tags":[31,274,275],"class_list":["post-229022","post","type-post","status-publish","format-standard","hentry","category-99","category-audio-cattolici","tag-radio-nel-web","tag-religione","tag-scuola"],"_links":{"self":[{"href":"https:\/\/archivio.cercoiltuovolto.it\/index.php?rest_route=\/wp\/v2\/posts\/229022","targetHints":{"allow":["GET"]}}],"collection":[{"href":"https:\/\/archivio.cercoiltuovolto.it\/index.php?rest_route=\/wp\/v2\/posts"}],"about":[{"href":"https:\/\/archivio.cercoiltuovolto.it\/index.php?rest_route=\/wp\/v2\/types\/post"}],"author":[{"embeddable":true,"href":"https:\/\/archivio.cercoiltuovolto.it\/index.php?rest_route=\/wp\/v2\/users\/3"}],"replies":[{"embeddable":true,"href":"https:\/\/archivio.cercoiltuovolto.it\/index.php?rest_route=%2Fwp%2Fv2%2Fcomments&post=229022"}],"version-history":[{"count":0,"href":"https:\/\/archivio.cercoiltuovolto.it\/index.php?rest_route=\/wp\/v2\/posts\/229022\/revisions"}],"wp:attachment":[{"href":"https:\/\/archivio.cercoiltuovolto.it\/index.php?rest_route=%2Fwp%2Fv2%2Fmedia&parent=229022"}],"wp:term":[{"taxonomy":"category","embeddable":true,"href":"https:\/\/archivio.cercoiltuovolto.it\/index.php?rest_route=%2Fwp%2Fv2%2Fcategories&post=229022"},{"taxonomy":"post_tag","embeddable":true,"href":"https:\/\/archivio.cercoiltuovolto.it\/index.php?rest_route=%2Fwp%2Fv2%2Ftags&post=229022"}],"curies":[{"name":"wp","href":"https:\/\/api.w.org\/{rel}","templated":true}]}}