{"id":229005,"date":"2009-10-30T08:00:49","date_gmt":"2009-10-30T08:00:49","guid":{"rendered":"https:\/\/archivio.cercoiltuovolto.it\/?p=229005"},"modified":"2009-10-30T08:00:49","modified_gmt":"2009-10-30T08:00:49","slug":"commento-al-vangelo-1-novembre-2009-p-sergio","status":"publish","type":"post","link":"https:\/\/archivio.cercoiltuovolto.it\/?p=229005","title":{"rendered":"Commento al Vangelo 1 novembre 2009 &#8211; p. Sergio"},"content":{"rendered":"<p style=\"text-align: justify;\">Ges\u00f9 Cristo  trasmette la sua santit\u00e0 alla Chiesa per mezzo dei sacramenti che portano all\u2019uomo la vita di Dio. <br \/>\n Questa dottrina era cos\u00ec viva nei primi secoli, che i membri della Chiesa non esitarono a chiamarsi \u00abi santi\u00bb e la Chiesa stessa era chiamata \u00abcomunione dei santi\u00bb. Questa espressione, che troviamo ancora nel Credo, trae la sua origine dall\u2019assemblea eucaristica, durante la quale \u00abi santi\u00bb partecipano alle \u00abcose sante\u00bb. <br \/>\n La santit\u00e0 cristiana appare, dunque, come una partecipazione alla vita di Dio, che si attua con i mezzi che la Chiesa ci offre, in particolare con i sacramenti. La santit\u00e0 non \u00e8 il frutto dello sforzo umano che tenta di raggiungere Dio con le sue forze; essa \u00e8 dono dell\u2019amore di Dio e risposta dell\u2019uomo all\u2019iniziativa divina.<\/p>\n<p class=\"fonte\" style=\"text-align: justify;\">Fonte: <a href=\"http:\/\/marcodaviano.wordpress.com\/2009\/10\/29\/a-che-serve-la-lode-ai-santi\/\" target=\"_blank\">Comunit\u00e0 cattolica italiana in Ungheria<\/a><\/p>\n<p style=\"text-align: center;\">\n","protected":false},"excerpt":{"rendered":"<p>Ges\u00f9 Cristo trasmette la sua santit\u00e0 alla Chiesa per mezzo dei sacramenti che portano all\u2019uomo la vita di Dio. Questa dottrina era cos\u00ec viva nei primi secoli, che i membri della Chiesa non esitarono a chiamarsi \u00abi santi\u00bb e la Chiesa stessa era chiamata \u00abcomunione dei santi\u00bb. Questa espressione, che troviamo ancora nel Credo, trae&#8230;<\/p>\n","protected":false},"author":3,"featured_media":0,"comment_status":"closed","ping_status":"closed","sticky":false,"template":"","format":"standard","meta":{"_kad_post_transparent":"","_kad_post_title":"","_kad_post_layout":"","_kad_post_sidebar_id":"","_kad_post_content_style":"","_kad_post_vertical_padding":"","_kad_post_feature":"","_kad_post_feature_position":"","_kad_post_header":false,"_kad_post_footer":false,"_kad_post_classname":"","footnotes":""},"categories":[99,147],"tags":[22,172,113],"class_list":["post-229005","post","type-post","status-publish","format-standard","hentry","category-99","category-commento-al-vangelo","tag-francescani","tag-vangelo-della-domenica","tag-video"],"_links":{"self":[{"href":"https:\/\/archivio.cercoiltuovolto.it\/index.php?rest_route=\/wp\/v2\/posts\/229005","targetHints":{"allow":["GET"]}}],"collection":[{"href":"https:\/\/archivio.cercoiltuovolto.it\/index.php?rest_route=\/wp\/v2\/posts"}],"about":[{"href":"https:\/\/archivio.cercoiltuovolto.it\/index.php?rest_route=\/wp\/v2\/types\/post"}],"author":[{"embeddable":true,"href":"https:\/\/archivio.cercoiltuovolto.it\/index.php?rest_route=\/wp\/v2\/users\/3"}],"replies":[{"embeddable":true,"href":"https:\/\/archivio.cercoiltuovolto.it\/index.php?rest_route=%2Fwp%2Fv2%2Fcomments&post=229005"}],"version-history":[{"count":0,"href":"https:\/\/archivio.cercoiltuovolto.it\/index.php?rest_route=\/wp\/v2\/posts\/229005\/revisions"}],"wp:attachment":[{"href":"https:\/\/archivio.cercoiltuovolto.it\/index.php?rest_route=%2Fwp%2Fv2%2Fmedia&parent=229005"}],"wp:term":[{"taxonomy":"category","embeddable":true,"href":"https:\/\/archivio.cercoiltuovolto.it\/index.php?rest_route=%2Fwp%2Fv2%2Fcategories&post=229005"},{"taxonomy":"post_tag","embeddable":true,"href":"https:\/\/archivio.cercoiltuovolto.it\/index.php?rest_route=%2Fwp%2Fv2%2Ftags&post=229005"}],"curies":[{"name":"wp","href":"https:\/\/api.w.org\/{rel}","templated":true}]}}