{"id":228977,"date":"2009-10-24T19:42:01","date_gmt":"2009-10-24T19:42:01","guid":{"rendered":"https:\/\/archivio.cercoiltuovolto.it\/?p=228977"},"modified":"2009-10-24T19:42:01","modified_gmt":"2009-10-24T19:42:01","slug":"25-ottobre-2009-il-commento-al-vangelo-di-don-massimo-serretti","status":"publish","type":"post","link":"https:\/\/archivio.cercoiltuovolto.it\/?p=228977","title":{"rendered":"25 ottobre 2009 &#8211; Il commento al Vangelo di don Massimo Serretti"},"content":{"rendered":"<blockquote>\n<p style=\"text-align: justify;\">In questa 30.ma Domenica del Tempo Ordinario, la liturgia ci presenta il passo del Vangelo in cui un cieco, di nome Bartim\u00e8o, grida verso Ges\u00f9 per essere guarito. E nonostante molti lo rimproverino continua a gridare ancora pi\u00f9 forte: \u00abRabbun\u00ec, che io veda di nuovo!\u00bb. Ges\u00f9 gli dice: <br \/>\n\u00abVa&#8217;, la tua fede ti ha salvato\u00bb.<\/p>\n<p style=\"text-align: justify;\">(&#8230;continua&#8230;)<\/p>\n<\/blockquote>\n<p class=\"fonte\" style=\"text-align: justify;\">Fonte: Radio Vaticana<\/p>\n","protected":false},"excerpt":{"rendered":"<p>In questa 30.ma Domenica del Tempo Ordinario, la liturgia ci presenta il passo del Vangelo in cui un cieco, di nome Bartim\u00e8o, grida verso Ges\u00f9 per essere guarito. E nonostante molti lo rimproverino continua a gridare ancora pi\u00f9 forte: \u00abRabbun\u00ec, che io veda di nuovo!\u00bb. Ges\u00f9 gli dice: \u00abVa&#8217;, la tua fede ti ha salvato\u00bb&#8230;.<\/p>\n","protected":false},"author":3,"featured_media":0,"comment_status":"closed","ping_status":"closed","sticky":false,"template":"","format":"standard","meta":{"_kad_post_transparent":"","_kad_post_title":"","_kad_post_layout":"","_kad_post_sidebar_id":"","_kad_post_content_style":"","_kad_post_vertical_padding":"","_kad_post_feature":"","_kad_post_feature_position":"","_kad_post_header":false,"_kad_post_footer":false,"_kad_post_classname":"","footnotes":""},"categories":[99,4],"tags":[5,27,172],"class_list":["post-228977","post","type-post","status-publish","format-standard","hentry","category-99","category-audio-cattolici","tag-commento-al-vangelo","tag-radio-vaticana","tag-vangelo-della-domenica"],"_links":{"self":[{"href":"https:\/\/archivio.cercoiltuovolto.it\/index.php?rest_route=\/wp\/v2\/posts\/228977","targetHints":{"allow":["GET"]}}],"collection":[{"href":"https:\/\/archivio.cercoiltuovolto.it\/index.php?rest_route=\/wp\/v2\/posts"}],"about":[{"href":"https:\/\/archivio.cercoiltuovolto.it\/index.php?rest_route=\/wp\/v2\/types\/post"}],"author":[{"embeddable":true,"href":"https:\/\/archivio.cercoiltuovolto.it\/index.php?rest_route=\/wp\/v2\/users\/3"}],"replies":[{"embeddable":true,"href":"https:\/\/archivio.cercoiltuovolto.it\/index.php?rest_route=%2Fwp%2Fv2%2Fcomments&post=228977"}],"version-history":[{"count":0,"href":"https:\/\/archivio.cercoiltuovolto.it\/index.php?rest_route=\/wp\/v2\/posts\/228977\/revisions"}],"wp:attachment":[{"href":"https:\/\/archivio.cercoiltuovolto.it\/index.php?rest_route=%2Fwp%2Fv2%2Fmedia&parent=228977"}],"wp:term":[{"taxonomy":"category","embeddable":true,"href":"https:\/\/archivio.cercoiltuovolto.it\/index.php?rest_route=%2Fwp%2Fv2%2Fcategories&post=228977"},{"taxonomy":"post_tag","embeddable":true,"href":"https:\/\/archivio.cercoiltuovolto.it\/index.php?rest_route=%2Fwp%2Fv2%2Ftags&post=228977"}],"curies":[{"name":"wp","href":"https:\/\/api.w.org\/{rel}","templated":true}]}}