{"id":228940,"date":"2009-10-19T11:14:49","date_gmt":"2009-10-19T11:14:49","guid":{"rendered":"https:\/\/archivio.cercoiltuovolto.it\/?p=228940"},"modified":"2009-10-19T11:14:49","modified_gmt":"2009-10-19T11:14:49","slug":"vangelo-del-25-ottobre-2009-comunita-cattolica-ungherese","status":"publish","type":"post","link":"https:\/\/archivio.cercoiltuovolto.it\/?p=228940","title":{"rendered":"Vangelo del 25 ottobre 2009 &#8211; Comunit\u00e0 cattolica ungherese"},"content":{"rendered":"<p style=\"text-align: justify;\">Commento al Vangelo di domenica prossima a cura di <a href=\"http:\/\/marcodaviano.wordpress.com\/2009\/10\/21\/grida-piu-forte\/\" target=\"_blank\">p. Sergio della Comunit\u00e0 cattolica italiana in Ungheria<\/a>.<\/p>\n<blockquote>\n<p style=\"text-align: justify;\">Il cieco che rappresenta l\u2019uomo sulla via della fede, non vede Ges\u00f9; intuisce soltanto la presenza del Signore negli avvenimenti (v. 47a), ma esprime gi\u00e0 la sua fede rimettendosi alla iniziativa salvifica di Dio (v. 47b). Questa apertura a Dio \u00e8 subito contestata dal mondo che lo circonda (v. 48a) ed \u00e8 necessario tutto il coraggio per mantenere il proposito di apertura all\u2019uomo-Dio (v. 48b).<br \/>\nIl candidato alla fede si sente cos\u00ec oggetto della attenzione di alcuni che gli rivelano la chiamata di Dio, lo incoraggiano e lo invitano a convertirsi (\u00abalzarsi\u00bb o risuscitare, e \u00abgettare via il mantello\u00bb o spogliarsi del vecchio uomo: vv. 49 e 50). Allora si intreccia il dialogo finale: \u00abChe vuoi?\u2026\u00bb (v. 51). Si tratta dell\u2019impegno definitivo, presentato sotto forma di domanda e di risposta, per mettere bene in risalto la libert\u00e0 totale delle due parti che contraggono l\u2019alleanza.<br \/>\nInfine, la vista \u00e8 restituita al cieco come una visione della fede (vv. 51-52) che impegna immediatamente.<\/p>\n<\/blockquote>\n<p style=\"text-align: center;\">\n","protected":false},"excerpt":{"rendered":"<p>Commento al Vangelo di domenica prossima a cura di p. Sergio della Comunit\u00e0 cattolica italiana in Ungheria. Il cieco che rappresenta l\u2019uomo sulla via della fede, non vede Ges\u00f9; intuisce soltanto la presenza del Signore negli avvenimenti (v. 47a), ma esprime gi\u00e0 la sua fede rimettendosi alla iniziativa salvifica di Dio (v. 47b). Questa apertura&#8230;<\/p>\n","protected":false},"author":3,"featured_media":0,"comment_status":"closed","ping_status":"closed","sticky":false,"template":"","format":"standard","meta":{"_kad_post_transparent":"","_kad_post_title":"","_kad_post_layout":"","_kad_post_sidebar_id":"","_kad_post_content_style":"","_kad_post_vertical_padding":"","_kad_post_feature":"","_kad_post_feature_position":"","_kad_post_header":false,"_kad_post_footer":false,"_kad_post_classname":"","footnotes":""},"categories":[99,147],"tags":[22,172,113],"class_list":["post-228940","post","type-post","status-publish","format-standard","hentry","category-99","category-commento-al-vangelo","tag-francescani","tag-vangelo-della-domenica","tag-video"],"_links":{"self":[{"href":"https:\/\/archivio.cercoiltuovolto.it\/index.php?rest_route=\/wp\/v2\/posts\/228940","targetHints":{"allow":["GET"]}}],"collection":[{"href":"https:\/\/archivio.cercoiltuovolto.it\/index.php?rest_route=\/wp\/v2\/posts"}],"about":[{"href":"https:\/\/archivio.cercoiltuovolto.it\/index.php?rest_route=\/wp\/v2\/types\/post"}],"author":[{"embeddable":true,"href":"https:\/\/archivio.cercoiltuovolto.it\/index.php?rest_route=\/wp\/v2\/users\/3"}],"replies":[{"embeddable":true,"href":"https:\/\/archivio.cercoiltuovolto.it\/index.php?rest_route=%2Fwp%2Fv2%2Fcomments&post=228940"}],"version-history":[{"count":0,"href":"https:\/\/archivio.cercoiltuovolto.it\/index.php?rest_route=\/wp\/v2\/posts\/228940\/revisions"}],"wp:attachment":[{"href":"https:\/\/archivio.cercoiltuovolto.it\/index.php?rest_route=%2Fwp%2Fv2%2Fmedia&parent=228940"}],"wp:term":[{"taxonomy":"category","embeddable":true,"href":"https:\/\/archivio.cercoiltuovolto.it\/index.php?rest_route=%2Fwp%2Fv2%2Fcategories&post=228940"},{"taxonomy":"post_tag","embeddable":true,"href":"https:\/\/archivio.cercoiltuovolto.it\/index.php?rest_route=%2Fwp%2Fv2%2Ftags&post=228940"}],"curies":[{"name":"wp","href":"https:\/\/api.w.org\/{rel}","templated":true}]}}