{"id":228924,"date":"2009-10-16T10:01:39","date_gmt":"2009-10-16T10:01:39","guid":{"rendered":"https:\/\/archivio.cercoiltuovolto.it\/?p=228924"},"modified":"2009-10-16T10:01:39","modified_gmt":"2009-10-16T10:01:39","slug":"benedetto-xvi-visitera-la-sinagoga-di-roma","status":"publish","type":"post","link":"https:\/\/archivio.cercoiltuovolto.it\/?p=228924","title":{"rendered":"Benedetto XVI visiter\u00e0 la Sinagoga di Roma"},"content":{"rendered":"<blockquote>\n<p style=\"text-align: justify;\">Ventitr\u00e9 anni e nove mesi dopo la storica visita di Giovanni Paolo II, un Papa torner\u00e0 a varcare la soglia della Sinagoga di Roma. L\u2019avvenimento, ufficializzato oggi dalla Sala Stampa della Santa Sede, \u00e8 stato fissato per il pomeriggio del <strong>17 gennaio 2010<\/strong>, quando Benedetto XVI incontrer\u00e0 la comunit\u00e0 israelitica della capitale in occasione della Giornata del dialogo tra cattolici ed ebrei e della commemorazione di un importante fatto storico per la comunit\u00e0 ebraica romana. Il servizio di Alessandro De Carolis (Radio Vaticana):<\/p>\n<p><a href=\"http:\/\/www.cercoiltuovolto.it\/\/wp-content\/uploads\/2009\/10\/2323753801_cbaa011160_o.jpg\"><img loading=\"lazy\" decoding=\"async\" class=\"alignleft size-medium wp-image-7259\" title=\"Sinagoga di Roma\" src=\"http:\/\/www.cercoiltuovolto.it\/\/wp-content\/uploads\/2009\/10\/2323753801_cbaa011160_o-300x225.jpg\" alt=\"Sinagoga di Roma\" width=\"300\" height=\"225\" \/><\/a>Era stato lo stesso Benedetto XVI, il mese scorso, a parlare della sua imminente visita alla Sinagoga di Roma nel telegramma di auguri inviato il 17 settembre al rabbino capo di Roma, Riccardo Di Segni, per le ricorrenze ebraiche dello Yom Kippur e del Sukkot. Inizialmente, la visita era stata ventilata per questo autunno, poi la scelta \u00e8 caduta significativamente sul 17 gennaio 2010, durante il quale \u00e8 in programma la 21.ma edizione della Giornata per l\u2019approfondimento e lo sviluppo del dialogo tra cattolici ed ebrei. Quella di Roma sar\u00e0 la terza Sinagoga che Benedetto XVI visiter\u00e0, dopo quelle di Colonia, in Germania, nell\u2019agosto 2005, e di Park East a New York, nell&#8217;aprile del 2008. Gi\u00e0 subito dopo l\u2019elezione al Soglio pontificio, nell\u2019aprile del 2005, Benedetto XVI aveva manifestato con un messaggio a Riccardo Di Segni la sua volont\u00e0 di confidare \u201cnell\u2019aiuto dell\u2019Altissimo per continuare il dialogo e rafforzare la collaborazione con i figli e le figlie del popolo ebraico\u201d. <br \/>\nMa il 17 gennaio prossimo &#8211; giorno della visita di Benedetto XVI alla Sinagoga romana &#8211; vedr\u00e0 anche il ricordo di un\u2019importante pagina di storia per gli ebrei romani, quella del \u201cMo\u2019 \u00e8d di Piombo\u201d, che si celebra il 2 del mese di shev\u00e0t in memoria di un avvenimento considerato miracoloso. Nel 1793, gli ebrei del ghetto di Roma scamparono alla furia del popolino romano che si era radunato presso i portoni del ghetto per incendiarli e penetrare all\u2019interno del recinto con intenzioni ostili, convinto che gli ebrei dessero aiuto e protezione agli odiati sostenitori delle nuove idee rivoluzionarie provenienti dalla Francia. Episodi di violenta intolleranza si erano gi\u00e0 verificati altrove e si temeva il peggio quando un provvidenziale acquazzone, quasi un diluvio torrenziale, contribu\u00ec a spegnere le fiamme appiccate ai portoni e, insieme, anche i bollori dei pi\u00f9 scalmanati. Il nome di \u201cMo\u2019 \u00e8d di Piombo\u201d sembra sia da ricollegarsi al colore del cielo di quella giornata, scuro e livido come il piombo. La ricorrenza era ricordata ogni anno nella Scuola Siciliana ad opera della congrega \u201cEzr\u00e0 Betzar\u00f2t\u201d con una luminaria e un rinfresco durante il quale erano raccolte donazioni in denaro tra i membri della Chevr\u00e0.<\/p>\n<\/blockquote>\n","protected":false},"excerpt":{"rendered":"<p>Ventitr\u00e9 anni e nove mesi dopo la storica visita di Giovanni Paolo II, un Papa torner\u00e0 a varcare la soglia della Sinagoga di Roma. L\u2019avvenimento, ufficializzato oggi dalla Sala Stampa della Santa Sede, \u00e8 stato fissato per il pomeriggio del 17 gennaio 2010, quando Benedetto XVI incontrer\u00e0 la comunit\u00e0 israelitica della capitale in occasione della&#8230;<\/p>\n","protected":false},"author":3,"featured_media":0,"comment_status":"closed","ping_status":"closed","sticky":false,"template":"","format":"standard","meta":{"_kad_post_transparent":"","_kad_post_title":"","_kad_post_layout":"","_kad_post_sidebar_id":"","_kad_post_content_style":"","_kad_post_vertical_padding":"","_kad_post_feature":"","_kad_post_feature_position":"","_kad_post_header":false,"_kad_post_footer":false,"_kad_post_classname":"","footnotes":""},"categories":[99,4],"tags":[73,117],"class_list":["post-228924","post","type-post","status-publish","format-standard","hentry","category-99","category-audio-cattolici","tag-benedetto-xvi","tag-incontri"],"_links":{"self":[{"href":"https:\/\/archivio.cercoiltuovolto.it\/index.php?rest_route=\/wp\/v2\/posts\/228924","targetHints":{"allow":["GET"]}}],"collection":[{"href":"https:\/\/archivio.cercoiltuovolto.it\/index.php?rest_route=\/wp\/v2\/posts"}],"about":[{"href":"https:\/\/archivio.cercoiltuovolto.it\/index.php?rest_route=\/wp\/v2\/types\/post"}],"author":[{"embeddable":true,"href":"https:\/\/archivio.cercoiltuovolto.it\/index.php?rest_route=\/wp\/v2\/users\/3"}],"replies":[{"embeddable":true,"href":"https:\/\/archivio.cercoiltuovolto.it\/index.php?rest_route=%2Fwp%2Fv2%2Fcomments&post=228924"}],"version-history":[{"count":0,"href":"https:\/\/archivio.cercoiltuovolto.it\/index.php?rest_route=\/wp\/v2\/posts\/228924\/revisions"}],"wp:attachment":[{"href":"https:\/\/archivio.cercoiltuovolto.it\/index.php?rest_route=%2Fwp%2Fv2%2Fmedia&parent=228924"}],"wp:term":[{"taxonomy":"category","embeddable":true,"href":"https:\/\/archivio.cercoiltuovolto.it\/index.php?rest_route=%2Fwp%2Fv2%2Fcategories&post=228924"},{"taxonomy":"post_tag","embeddable":true,"href":"https:\/\/archivio.cercoiltuovolto.it\/index.php?rest_route=%2Fwp%2Fv2%2Ftags&post=228924"}],"curies":[{"name":"wp","href":"https:\/\/api.w.org\/{rel}","templated":true}]}}