{"id":228923,"date":"2009-10-15T12:21:48","date_gmt":"2009-10-15T12:21:48","guid":{"rendered":"https:\/\/archivio.cercoiltuovolto.it\/?p=228923"},"modified":"2009-10-15T12:21:48","modified_gmt":"2009-10-15T12:21:48","slug":"sinodo-per-lafrica","status":"publish","type":"post","link":"https:\/\/archivio.cercoiltuovolto.it\/?p=228923","title":{"rendered":"Sinodo per l&#8217;Africa"},"content":{"rendered":"<p style=\"text-align: justify;\">Se \u00e8 tempo di dire la verit\u00e0 sull&#8217;Africa, come dichiarato dal Cardinale Turkson, Relatore Generale al sinodo dei Vescovi africani, \u00e8 anche tempo di denunciare la situazione dei tanti disperati che arrivano in Libia cercando ad ogni costo la possibilit\u00e0 di raggiungere l&#8217;Europa per sfuggire alla guerra e alla miseria. Nella fermezza delle parole di mons. Giovanni Martinelli, vicario apostolico di Tripoli, anche il richiamo ad un atteggiamento di accoglienza da parte dell&#8217;Europa verso gli ultimi.<\/p>\n<p class=\"fonte\">Radio Vaticana &#8211; 105 Live &#8211; Sinodo per l&#8217;Africa.<\/p>\n","protected":false},"excerpt":{"rendered":"<p>Se \u00e8 tempo di dire la verit\u00e0 sull&#8217;Africa, come dichiarato dal Cardinale Turkson, Relatore Generale al sinodo dei Vescovi africani, \u00e8 anche tempo di denunciare la situazione dei tanti disperati che arrivano in Libia cercando ad ogni costo la possibilit\u00e0 di raggiungere l&#8217;Europa per sfuggire alla guerra e alla miseria. Nella fermezza delle parole di&#8230;<\/p>\n","protected":false},"author":3,"featured_media":0,"comment_status":"closed","ping_status":"closed","sticky":false,"template":"","format":"standard","meta":{"_kad_post_transparent":"","_kad_post_title":"","_kad_post_layout":"","_kad_post_sidebar_id":"","_kad_post_content_style":"","_kad_post_vertical_padding":"","_kad_post_feature":"","_kad_post_feature_position":"","_kad_post_header":false,"_kad_post_footer":false,"_kad_post_classname":"","footnotes":""},"categories":[99,4],"tags":[27,28],"class_list":["post-228923","post","type-post","status-publish","format-standard","hentry","category-99","category-audio-cattolici","tag-radio-vaticana","tag-sinodo"],"_links":{"self":[{"href":"https:\/\/archivio.cercoiltuovolto.it\/index.php?rest_route=\/wp\/v2\/posts\/228923","targetHints":{"allow":["GET"]}}],"collection":[{"href":"https:\/\/archivio.cercoiltuovolto.it\/index.php?rest_route=\/wp\/v2\/posts"}],"about":[{"href":"https:\/\/archivio.cercoiltuovolto.it\/index.php?rest_route=\/wp\/v2\/types\/post"}],"author":[{"embeddable":true,"href":"https:\/\/archivio.cercoiltuovolto.it\/index.php?rest_route=\/wp\/v2\/users\/3"}],"replies":[{"embeddable":true,"href":"https:\/\/archivio.cercoiltuovolto.it\/index.php?rest_route=%2Fwp%2Fv2%2Fcomments&post=228923"}],"version-history":[{"count":0,"href":"https:\/\/archivio.cercoiltuovolto.it\/index.php?rest_route=\/wp\/v2\/posts\/228923\/revisions"}],"wp:attachment":[{"href":"https:\/\/archivio.cercoiltuovolto.it\/index.php?rest_route=%2Fwp%2Fv2%2Fmedia&parent=228923"}],"wp:term":[{"taxonomy":"category","embeddable":true,"href":"https:\/\/archivio.cercoiltuovolto.it\/index.php?rest_route=%2Fwp%2Fv2%2Fcategories&post=228923"},{"taxonomy":"post_tag","embeddable":true,"href":"https:\/\/archivio.cercoiltuovolto.it\/index.php?rest_route=%2Fwp%2Fv2%2Ftags&post=228923"}],"curies":[{"name":"wp","href":"https:\/\/api.w.org\/{rel}","templated":true}]}}