{"id":228915,"date":"2009-10-14T10:37:39","date_gmt":"2009-10-14T10:37:39","guid":{"rendered":"https:\/\/archivio.cercoiltuovolto.it\/?p=228915"},"modified":"2009-10-14T10:37:39","modified_gmt":"2009-10-14T10:37:39","slug":"alcantara","status":"publish","type":"post","link":"https:\/\/archivio.cercoiltuovolto.it\/?p=228915","title":{"rendered":"Alcantara"},"content":{"rendered":"<p style=\"text-align: justify;\">El\u00e9azard von Wogau, eroe inquieto di questa incredibile foresta di storie, \u00e8 stato mandato dal suo giornale come corrispondente ad Alc\u00e2ntara, l&#8217;ultimo avamposto del Nordeste brasiliano. Dove un giorno riceve un affascinante manoscritto, biografia inedita di un famoso gesuita del Seicento. <a href=\"http:\/\/www.cercoiltuovolto.it\/\/wp-content\/uploads\/2009\/10\/alcantara.jpg\"><img loading=\"lazy\" decoding=\"async\" class=\"alignleft size-full wp-image-7271\" title=\"alcantara\" src=\"http:\/\/www.cercoiltuovolto.it\/\/wp-content\/uploads\/2009\/10\/alcantara.jpg\" alt=\"alcantara\" width=\"140\" height=\"210\" \/><\/a>Comincia cos\u00ec una ricerca a cavallo tra verit\u00e0 e finzione, destinata ad avere ripercussioni sorprendenti anche sulla sua vita privata. Quasi che il viaggio straordinario nell&#8217;universo di Athanasius Kircher si rispecchiasse nelle vicende di personaggi che fanno a gara per dare senso a un mondo forsennato e patetico: Elaine, archeologa in missione improbabile nella giungla del Mato Grosso, Mo\u00e9ma, studentessa alla deriva, o ancora Nelson, ragazzino fragile delle favelas di Piramb\u00f9 che sniffa il piombo fuso della vendetta. Siamo in Brasile, il Paese degli eccessi. Siamo anche nella terra incognita di un romanzo-fiume, nel quale ogni parte si apre con un capitolo della biografia di Kircher, \u00abil maestro delle cento arti\u00bb, genio barocco, antenato dell&#8217;egittologia e della vulcanologia, inventore del microscopio e della lanterna magica. Non si pu\u00f2 fare a meno di pensare al realismo magico di Borges e Cort\u00e1zar, a Italo Calvino e Umberto Eco, o ancora a Potocki e al suo <em>Manoscritto trovato a Saragozza<\/em>, senza mai esaurire la lussureggiante unicit\u00e0 di questo romanzo ricco di storie, invenzioni e personaggi indimenticabili. <em>Alc\u00e2ntara<\/em> \u00e8 il frutto di dieci anni di lavoro, un romanzo che supera i generi grazie a una formidabile erudizione messa al servizio di un meraviglioso senso della narrazione.<\/p>\n<blockquote>\n<p style=\"text-align: justify;\">Nella puntata di Punto e a Capo &#8211; Radio Vaticana &#8211; viene intervistato Jean Marie Blas &#8211; Robles, autore del romanzo &#8220;Alcantara&#8221;, edito in Italia da Frassinelli.<\/p>\n<\/blockquote>\n<h3>Informazioni utili<\/h3>\n<ul>\n<li><strong>Titolo <\/strong>Alcantara<\/li>\n<li><strong>Autore <\/strong>Jean Marie Blas<\/li>\n<li><strong>Prezzo <\/strong>\u20ac 22,00<\/li>\n<li><strong>Dati <\/strong>2009, 723 p.<\/li>\n<li><strong>Editore <\/strong>Frassinelli<span class=\"tcorpotesto\"> <\/span><\/li>\n<\/ul>\n<p class=\"acquista-paragrafo\"><a href=\"http:\/\/www.ibs.it\/code\/9788888320410\/blas-de-robl-egrave-s-jean-marie\/alc-acirc-ntara.html?shop=3462\" target=\"_blank\">Acquista il libro<\/a> su IBS<\/p>\n","protected":false},"excerpt":{"rendered":"<p>El\u00e9azard von Wogau, eroe inquieto di questa incredibile foresta di storie, \u00e8 stato mandato dal suo giornale come corrispondente ad Alc\u00e2ntara, l&#8217;ultimo avamposto del Nordeste brasiliano. Dove un giorno riceve un affascinante manoscritto, biografia inedita di un famoso gesuita del Seicento. Comincia cos\u00ec una ricerca a cavallo tra verit\u00e0 e finzione, destinata ad avere ripercussioni&#8230;<\/p>\n","protected":false},"author":3,"featured_media":0,"comment_status":"closed","ping_status":"closed","sticky":false,"template":"","format":"standard","meta":{"_kad_post_transparent":"","_kad_post_title":"","_kad_post_layout":"","_kad_post_sidebar_id":"","_kad_post_content_style":"","_kad_post_vertical_padding":"","_kad_post_feature":"","_kad_post_feature_position":"","_kad_post_header":false,"_kad_post_footer":false,"_kad_post_classname":"","footnotes":""},"categories":[99,149],"tags":[17,27],"class_list":["post-228915","post","type-post","status-publish","format-standard","hentry","category-99","category-interviste","tag-libri","tag-radio-vaticana"],"_links":{"self":[{"href":"https:\/\/archivio.cercoiltuovolto.it\/index.php?rest_route=\/wp\/v2\/posts\/228915","targetHints":{"allow":["GET"]}}],"collection":[{"href":"https:\/\/archivio.cercoiltuovolto.it\/index.php?rest_route=\/wp\/v2\/posts"}],"about":[{"href":"https:\/\/archivio.cercoiltuovolto.it\/index.php?rest_route=\/wp\/v2\/types\/post"}],"author":[{"embeddable":true,"href":"https:\/\/archivio.cercoiltuovolto.it\/index.php?rest_route=\/wp\/v2\/users\/3"}],"replies":[{"embeddable":true,"href":"https:\/\/archivio.cercoiltuovolto.it\/index.php?rest_route=%2Fwp%2Fv2%2Fcomments&post=228915"}],"version-history":[{"count":0,"href":"https:\/\/archivio.cercoiltuovolto.it\/index.php?rest_route=\/wp\/v2\/posts\/228915\/revisions"}],"wp:attachment":[{"href":"https:\/\/archivio.cercoiltuovolto.it\/index.php?rest_route=%2Fwp%2Fv2%2Fmedia&parent=228915"}],"wp:term":[{"taxonomy":"category","embeddable":true,"href":"https:\/\/archivio.cercoiltuovolto.it\/index.php?rest_route=%2Fwp%2Fv2%2Fcategories&post=228915"},{"taxonomy":"post_tag","embeddable":true,"href":"https:\/\/archivio.cercoiltuovolto.it\/index.php?rest_route=%2Fwp%2Fv2%2Ftags&post=228915"}],"curies":[{"name":"wp","href":"https:\/\/api.w.org\/{rel}","templated":true}]}}