{"id":228882,"date":"2009-10-10T07:00:20","date_gmt":"2009-10-10T07:00:20","guid":{"rendered":"https:\/\/archivio.cercoiltuovolto.it\/?p=228882"},"modified":"2009-10-10T07:00:20","modified_gmt":"2009-10-10T07:00:20","slug":"fede-e-scienza","status":"publish","type":"post","link":"https:\/\/archivio.cercoiltuovolto.it\/?p=228882","title":{"rendered":"Fede e scienza"},"content":{"rendered":"<p style=\"text-align: justify;\">Fede e scienza il tema del recente confronto pubblico tra mons. Gianfranco Ravasi e il genetista Axel Kahn.<\/p>\n<p style=\"text-align: justify;\">\u201cFede e scienza\u201d \u00e8 la conferenza che si \u00e8 svolta venerd\u00ec scorso a Roma presso il Centro culturale San Luigi di Francia. L\u2019iniziativa, che rientra nelle manifestazioni per l\u2019inaugurazione della nuova mediateca, ha visto la partecipazione di mons. Gianfranco Ravasi, presidente del Pontificio Consiglio per la Cultura, e del professor Axel Kahn, genetista e presidente dell\u2019universit\u00e0 Descartes di Parigi. L\u2019importanza di questo incontro viene sottolineata dallo stesso mons. Gianfranco Ravasi al microfono di Romilda Ferrauto (Radio Vaticana):<\/p>\n<p style=\"text-align: justify;\"><a href=\"http:\/\/www.cercoiltuovolto.it\/\/wp-content\/uploads\/2009\/10\/teolfil.jpg\"><img loading=\"lazy\" decoding=\"async\" class=\"alignleft size-medium wp-image-7160\" title=\"Fede e scienza\" src=\"http:\/\/www.cercoiltuovolto.it\/\/wp-content\/uploads\/2009\/10\/teolfil-300x225.jpg\" alt=\"Fede e scienza\" width=\"300\" height=\"225\" \/><\/a>R. &#8211; L\u2019esperienza prima di tutto \u00e8 significativa anche per la cornice dell\u2019ambasciata di Francia, un Paese che tradizionalmente \u00e8 laico nella sua stessa struttura ma che rivela sempre di pi\u00f9, soprattutto in quest\u2019ultimo periodo, un interesse anche per il dialogo interculturale con espressioni che siano anche differenti che provengono dal mondo religioso. Io con il professor Kahn affronto due temi in particolare. Da un lato, la necessaria distinzione tra scienza e fede: due ambiti che devono custodire le loro frontiere. Per\u00f2, se \u00e8 vero che i metodi, i percorsi, gli itinerari sono distinti, \u00e8 anche vero che possono esserci degli incroci, degli incontri. Qualche volta, gli incontri possono avere anche scontri: per\u00f2 la via da seguire \u00e8 quella di far s\u00ec che alla teoria dei due livelli subentri una teoria del dialogo tra i due campi.<\/p>\n<p style=\"text-align: justify;\">D. &#8211; Il professor Kahn, pur autodefinendosi un agnostico, dice che i suoi ragionamenti alla fine combaciano con quelli della Chiesa cattolica. Come accoglie, eccellenza, una dichiarazione di questo tipo?<\/p>\n<p style=\"text-align: justify;\">R. &#8211; Da un lato, egli sottolinea in maniera abbastanza netta la sua profonda formazione scientifica, per\u00f2 dall\u2019altra parte continua a marcare con insistenza il fatto di interessarsi alla metafisica, alla filosofia, e anche a temi etico-religiosi. Questo fa s\u00ec che proprio una figura di questo genere diventi estremamente interessante per un confronto e un dialogo, perch\u00e9 anche la mia stessa esperienza personale nasce proprio da una matrice che \u00e8, ovviamente, di tipo teologico-filosofico e umanistico, per\u00f2 dall\u2019altra parte ho sempre avuto una grande curiosit\u00e0, un grande interesse per il mondo scientifico. Credo, quindi, che su questo possiamo trovare una specie di crocevia.<\/p>\n<p style=\"text-align: justify;\">D. &#8211; Si pu\u00f2 arrivare alla fede passando per la scienza?<\/p>\n<p style=\"text-align: justify;\">R. &#8211; La tradizione cristiana, filosofica cristiana, afferma di s\u00ec. Anzi, se noi stiamo alla dichiarazione di Sant\u2019Agostino, una fede che non \u00e8 pensata &#8211; lui diceva &#8211; \u00e8 nulla: cio\u00e8, la ragione e la fede devono ininterrottamente intrecciarsi tra di loro.<\/p>\n<p style=\"text-align: justify;\">D. &#8211; Comunque, siamo di fronte a una delle pi\u00f9 grosse sfide della societ\u00e0 attuale&#8230;<\/p>\n<p style=\"text-align: justify;\">R. &#8211; La societ\u00e0 attuale, effettivamente, si trova di fronte, da un lato, a una tentazione molto forte di emarginare il pensiero religioso considerandolo come una sorta di reperto del paleolitico culturale. Questa tentazione qualche volta \u00e8 espressa in un mondo secolarizzato in forme anche aggressive: pensiamo alla cosiddetta \u201cateologia\u201d, cio\u00e8 la negazione della religione in una maniera aggressiva, in una maniera molto superficiale, certe volte perfino fondamentalista. Dall\u2019altra parte, dobbiamo riconoscere che la cultura, la societ\u00e0 contemporanea si interessano sempre di pi\u00f9 in maniera sorprendente alle domande che fioriscono e che non hanno risposta nel mondo della scienza: hanno risposta nel mondo della sapienza, cio\u00e8 della filosofia, della teologia, di altri orizzonti.<\/p>\n","protected":false},"excerpt":{"rendered":"<p>Fede e scienza il tema del recente confronto pubblico tra mons. Gianfranco Ravasi e il genetista Axel Kahn. \u201cFede e scienza\u201d \u00e8 la conferenza che si \u00e8 svolta venerd\u00ec scorso a Roma presso il Centro culturale San Luigi di Francia. L\u2019iniziativa, che rientra nelle manifestazioni per l\u2019inaugurazione della nuova mediateca, ha visto la partecipazione di&#8230;<\/p>\n","protected":false},"author":3,"featured_media":0,"comment_status":"closed","ping_status":"closed","sticky":false,"template":"","format":"standard","meta":{"_kad_post_transparent":"","_kad_post_title":"","_kad_post_layout":"","_kad_post_sidebar_id":"","_kad_post_content_style":"","_kad_post_vertical_padding":"","_kad_post_feature":"","_kad_post_feature_position":"","_kad_post_header":false,"_kad_post_footer":false,"_kad_post_classname":"","footnotes":""},"categories":[99,4],"tags":[117,54,27],"class_list":["post-228882","post","type-post","status-publish","format-standard","hentry","category-99","category-audio-cattolici","tag-incontri","tag-interviste","tag-radio-vaticana"],"_links":{"self":[{"href":"https:\/\/archivio.cercoiltuovolto.it\/index.php?rest_route=\/wp\/v2\/posts\/228882","targetHints":{"allow":["GET"]}}],"collection":[{"href":"https:\/\/archivio.cercoiltuovolto.it\/index.php?rest_route=\/wp\/v2\/posts"}],"about":[{"href":"https:\/\/archivio.cercoiltuovolto.it\/index.php?rest_route=\/wp\/v2\/types\/post"}],"author":[{"embeddable":true,"href":"https:\/\/archivio.cercoiltuovolto.it\/index.php?rest_route=\/wp\/v2\/users\/3"}],"replies":[{"embeddable":true,"href":"https:\/\/archivio.cercoiltuovolto.it\/index.php?rest_route=%2Fwp%2Fv2%2Fcomments&post=228882"}],"version-history":[{"count":0,"href":"https:\/\/archivio.cercoiltuovolto.it\/index.php?rest_route=\/wp\/v2\/posts\/228882\/revisions"}],"wp:attachment":[{"href":"https:\/\/archivio.cercoiltuovolto.it\/index.php?rest_route=%2Fwp%2Fv2%2Fmedia&parent=228882"}],"wp:term":[{"taxonomy":"category","embeddable":true,"href":"https:\/\/archivio.cercoiltuovolto.it\/index.php?rest_route=%2Fwp%2Fv2%2Fcategories&post=228882"},{"taxonomy":"post_tag","embeddable":true,"href":"https:\/\/archivio.cercoiltuovolto.it\/index.php?rest_route=%2Fwp%2Fv2%2Ftags&post=228882"}],"curies":[{"name":"wp","href":"https:\/\/api.w.org\/{rel}","templated":true}]}}