{"id":228881,"date":"2009-10-09T07:00:02","date_gmt":"2009-10-09T07:00:02","guid":{"rendered":"https:\/\/archivio.cercoiltuovolto.it\/?p=228881"},"modified":"2009-10-09T07:00:02","modified_gmt":"2009-10-09T07:00:02","slug":"il-dogma-dellassunzione-di-maria","status":"publish","type":"post","link":"https:\/\/archivio.cercoiltuovolto.it\/?p=228881","title":{"rendered":"Il dogma dell\u2019Assunzione di Maria"},"content":{"rendered":"<p style=\"text-align: justify;\">\u201cIl dogma dell\u2019Assunzione di Maria: problemi attuali e tentativi di ricomprensione\u201d. Intorno a questo tema, da oggi fino a venerd\u00ec a Roma, teologi, cultori di mariologia e semplici appassionati rifletteranno nell\u2019ambito del 17.mo Simposio internazionale mariologico, promosso dalla Pontificia Facolt\u00e0 Teologica Marianum. In programma, anche la consegna del premio \u201cRen\u00e9 Laurentin &#8211; Pro Ancilla Domini\u201d, che quest\u2019anno andr\u00e0 a padre Luigi Gambero, docente di Patristica mariana al Marianum. Benedetta Capelli (Radio Vaticana) gli ha chiesto quali sono le prospettive di questo Simposio.<\/p>\n<p style=\"text-align: justify;\"><a href=\"http:\/\/www.cercoiltuovolto.it\/\/wp-content\/uploads\/2009\/10\/Ascension_of_the_virgin-3ca44.jpg\"><img loading=\"lazy\" decoding=\"async\" class=\"alignleft size-medium wp-image-7157\" title=\"Ascensione di Maria\" src=\"http:\/\/www.cercoiltuovolto.it\/\/wp-content\/uploads\/2009\/10\/Ascension_of_the_virgin-3ca44-221x300.jpg\" alt=\"Ascensione di Maria\" width=\"221\" height=\"300\" \/><\/a>R. &#8211; Il Simposium ha come finalit\u00e0 quella di approfondire dei temi che poi dovrebbero ispirare anche la catechesi, la predicazione della Chiesa. Questo perch\u00e9 i dogmi, di solito, nella loro formulazione tecnica sono riservati ai teologi, ma nella loro essenzialit\u00e0 e nel loro contenuto sono verit\u00e0 che tutti i fedeli devono accettare e credere. Quindi, il Simposium vuole dare alla teologia gli strumenti perch\u00e9 poi diventi anche catechesi.<\/p>\n<p style=\"text-align: justify;\">D. &#8211; Padre, cosa dice Maria all\u2019uomo di oggi?<\/p>\n<p style=\"text-align: justify;\">R. &#8211; Maria dice che quello che \u00e8 toccato a lei toccher\u00e0 anche a noi. Soprattutto, dice che lei dal cielo non \u00e8 che si sia separata da noi, ma continua ad assistere la Chiesa, ad aiutare i credenti, come vogliono gli antichi Padri della Chiesa. Maria \u00e8 andata in cielo non solo per ricevere il premio della sua santit\u00e0, del suo servizio al Mistero del\u2019incarnazione, ma \u00e8 andata in cielo per essere anche la nostra mediatrice, pregare e intercedere per noi presso il Figlio suo. Nel capitolo VIII della Lumen Gentium, si dice chiaramente che Maria \u00e8 per noi motivo di gioia, di speranza, di consolazione. Quindi, basta guardarla e subito abbiamo chiaro cosa faccia per noi credenti.<\/p>\n<p style=\"text-align: justify;\">D. &#8211; Venerd\u00ec, le verr\u00e0 consegnato un premio per il suo lavoro. Cosa l\u2019affascina in Maria?<\/p>\n<p style=\"text-align: justify;\">R. &#8211; Di Maria, mi affascina la sua persona come tale e la sua missione. Quello che ha ricevuto da Ges\u00f9: l\u2019essere la Madre sua, di collaborare al Mistero della salvezza. E poi anche la sua persona umana, cos\u00ec semplice, cos\u00ec modesta, che parla al mondo senza tante parole, proprio attraverso queste doti cos\u00ec semplici. Il Vangelo ha registrato molto poco delle sue parole, per\u00f2 quelle poche incidono profondamente nella nostra fede: ci fanno capire che cosa dobbiamo fare noi per essere come Lei, all\u2019altezza della missione che il Signore d\u00e0 a ciascuno di noi. Guardando a Maria noi troviamo, non soltanto la forza per affrontare le cose che la volont\u00e0 di Dio ci riserva, ma abbiamo anche un motivo di speranza, di consolazione, perch\u00e9 tutte queste cose che noi viviamo, nel bene o nel male, se accettate in ossequio alla volont\u00e0 di Dio ci conducono dove hanno condotto Maria stessa.<\/p>\n","protected":false},"excerpt":{"rendered":"<p>\u201cIl dogma dell\u2019Assunzione di Maria: problemi attuali e tentativi di ricomprensione\u201d. Intorno a questo tema, da oggi fino a venerd\u00ec a Roma, teologi, cultori di mariologia e semplici appassionati rifletteranno nell\u2019ambito del 17.mo Simposio internazionale mariologico, promosso dalla Pontificia Facolt\u00e0 Teologica Marianum. In programma, anche la consegna del premio \u201cRen\u00e9 Laurentin &#8211; Pro Ancilla Domini\u201d,&#8230;<\/p>\n","protected":false},"author":3,"featured_media":0,"comment_status":"closed","ping_status":"closed","sticky":false,"template":"","format":"standard","meta":{"_kad_post_transparent":"","_kad_post_title":"","_kad_post_layout":"","_kad_post_sidebar_id":"","_kad_post_content_style":"","_kad_post_vertical_padding":"","_kad_post_feature":"","_kad_post_feature_position":"","_kad_post_header":false,"_kad_post_footer":false,"_kad_post_classname":"","footnotes":""},"categories":[99,4],"tags":[154,195],"class_list":["post-228881","post","type-post","status-publish","format-standard","hentry","category-99","category-audio-cattolici","tag-iniziative","tag-maria"],"_links":{"self":[{"href":"https:\/\/archivio.cercoiltuovolto.it\/index.php?rest_route=\/wp\/v2\/posts\/228881","targetHints":{"allow":["GET"]}}],"collection":[{"href":"https:\/\/archivio.cercoiltuovolto.it\/index.php?rest_route=\/wp\/v2\/posts"}],"about":[{"href":"https:\/\/archivio.cercoiltuovolto.it\/index.php?rest_route=\/wp\/v2\/types\/post"}],"author":[{"embeddable":true,"href":"https:\/\/archivio.cercoiltuovolto.it\/index.php?rest_route=\/wp\/v2\/users\/3"}],"replies":[{"embeddable":true,"href":"https:\/\/archivio.cercoiltuovolto.it\/index.php?rest_route=%2Fwp%2Fv2%2Fcomments&post=228881"}],"version-history":[{"count":0,"href":"https:\/\/archivio.cercoiltuovolto.it\/index.php?rest_route=\/wp\/v2\/posts\/228881\/revisions"}],"wp:attachment":[{"href":"https:\/\/archivio.cercoiltuovolto.it\/index.php?rest_route=%2Fwp%2Fv2%2Fmedia&parent=228881"}],"wp:term":[{"taxonomy":"category","embeddable":true,"href":"https:\/\/archivio.cercoiltuovolto.it\/index.php?rest_route=%2Fwp%2Fv2%2Fcategories&post=228881"},{"taxonomy":"post_tag","embeddable":true,"href":"https:\/\/archivio.cercoiltuovolto.it\/index.php?rest_route=%2Fwp%2Fv2%2Ftags&post=228881"}],"curies":[{"name":"wp","href":"https:\/\/api.w.org\/{rel}","templated":true}]}}