{"id":228859,"date":"2009-10-08T13:00:00","date_gmt":"2009-10-08T13:00:00","guid":{"rendered":"https:\/\/archivio.cercoiltuovolto.it\/?p=228859"},"modified":"2009-10-08T13:00:00","modified_gmt":"2009-10-08T13:00:00","slug":"abbracciare-la-croce-alessandro-meluzzi-in-libreria","status":"publish","type":"post","link":"https:\/\/archivio.cercoiltuovolto.it\/?p=228859","title":{"rendered":"Abbracciare la Croce. Alessandro Meluzzi in Libreria"},"content":{"rendered":"<p style=\"text-align: justify;\">Lo scorso venerd\u00ec 15 maggio presso la Libreria degli Scalzi di Roma \u00e8 stato presentato il libro di Alessandro Meluzzi \u201cAbbracciare la Croce. Dolore, libert\u00e0 e tenerezza in Dio\u201d (Edizioni OCD).<\/p>\n<p class=\"download\" style=\"text-align: justify;\">Download file mp3<\/p>\n<p style=\"text-align: justify;\">L\u2019Autore durante l\u2019incontro ha spiegato il significato che la Croce ha per l\u2019uomo in rapporto con la sua libert\u00e0. Il male e il disordine del mondo sono il prezzo che l\u2019uomo paga alla propria libert\u00e0.<br \/>\n \u00abQuesta libert\u00e0 dell\u2019uomo \u2013 ha detto Meluzzi \u2013 si rispecchia nella misteriosa libert\u00e0 di Dio. Dio che lascia libera la creatura di amarlo o di non amarlo tanto da crocifiggerlo; quindi la Croce \u00e8 il prezzo che Dio paga per riscattare la libert\u00e0 dell\u2019uomo, non solo per redimerlo, ma per condividere fino in fondo la natura dell\u2019uomo\u00bb.<br \/>\n L\u2019uomo tende sempre verso l\u2019alto e verso Dio in un continuo desiderio di speranza e di superamento del dolore. L\u2019Autore ha infatti sottolineato che non ci pu\u00f2 essere la ricerca della fede senza la speranza, come non ci pu\u00f2 essere accoglienza del mistero dell\u2019amore della carit\u00e0 senza la speranza che diventa quindi presupposto di qualsiasi cammino interiore dell\u2019uomo verso Dio.<br \/>\n Il sacrificio \u00e8 un dono tenero e gratuito d\u2019Amore, atto fecondo di creazione che fa nuove tutte le cose: alla luce del Risorto, ma sulla Croce, Cristo e uomini, ogni giorno nell\u2019attesa dolente e gioiosa del compimento della creazione. Per questo \u2013 conclude Alessandro Meluzzi \u2013 la vita umana \u00e8 un ossimoro di speranza, oscura e luminosa, gioiosa salita al Calvario.<\/p>\n<p style=\"text-align: justify;\"><strong>A chi \u00e8 rivolto il libro<\/strong><br \/>\n A tutti coloro che hanno sperimentato almeno una volta nell\u2019esistenza, una sensazione di dolore, di angoscia, di assenza, di solitudine, di mancanza di orizzonte.<br \/>\n A chi non ha mai smesso di cercare Dio, come immenso infinito orizzonte di speranza e di amore<\/p>\n<p><em>\u00abLa vita non pu\u00f2 che essere vista come una gioiosa salita al Calvario\u00bb.<\/em><br \/>\n (Alessandro Meluzzi)<\/p>\n<blockquote>\n<h2><span style=\"color: #800000;\">UPDATE DEL 08\/10\/2009<\/span><\/h2>\n<p>Padre Vito Magno ha intervistato l&#8217;autore per conto della trasmissione &#8220;Punto e a capo&#8221; di Radio Vaticana &#8211; Scarica il file mp3<\/p>\n<\/blockquote>\n","protected":false},"excerpt":{"rendered":"<p>Lo scorso venerd\u00ec 15 maggio presso la Libreria degli Scalzi di Roma \u00e8 stato presentato il libro di Alessandro Meluzzi \u201cAbbracciare la Croce. Dolore, libert\u00e0 e tenerezza in Dio\u201d (Edizioni OCD). Download file mp3 L\u2019Autore durante l\u2019incontro ha spiegato il significato che la Croce ha per l\u2019uomo in rapporto con la sua libert\u00e0. Il male&#8230;<\/p>\n","protected":false},"author":3,"featured_media":0,"comment_status":"closed","ping_status":"closed","sticky":false,"template":"","format":"standard","meta":{"_kad_post_transparent":"","_kad_post_title":"","_kad_post_layout":"","_kad_post_sidebar_id":"","_kad_post_content_style":"","_kad_post_vertical_padding":"","_kad_post_feature":"","_kad_post_feature_position":"","_kad_post_header":false,"_kad_post_footer":false,"_kad_post_classname":"","footnotes":""},"categories":[99,4],"tags":[117,17],"class_list":["post-228859","post","type-post","status-publish","format-standard","hentry","category-99","category-audio-cattolici","tag-incontri","tag-libri"],"_links":{"self":[{"href":"https:\/\/archivio.cercoiltuovolto.it\/index.php?rest_route=\/wp\/v2\/posts\/228859","targetHints":{"allow":["GET"]}}],"collection":[{"href":"https:\/\/archivio.cercoiltuovolto.it\/index.php?rest_route=\/wp\/v2\/posts"}],"about":[{"href":"https:\/\/archivio.cercoiltuovolto.it\/index.php?rest_route=\/wp\/v2\/types\/post"}],"author":[{"embeddable":true,"href":"https:\/\/archivio.cercoiltuovolto.it\/index.php?rest_route=\/wp\/v2\/users\/3"}],"replies":[{"embeddable":true,"href":"https:\/\/archivio.cercoiltuovolto.it\/index.php?rest_route=%2Fwp%2Fv2%2Fcomments&post=228859"}],"version-history":[{"count":0,"href":"https:\/\/archivio.cercoiltuovolto.it\/index.php?rest_route=\/wp\/v2\/posts\/228859\/revisions"}],"wp:attachment":[{"href":"https:\/\/archivio.cercoiltuovolto.it\/index.php?rest_route=%2Fwp%2Fv2%2Fmedia&parent=228859"}],"wp:term":[{"taxonomy":"category","embeddable":true,"href":"https:\/\/archivio.cercoiltuovolto.it\/index.php?rest_route=%2Fwp%2Fv2%2Fcategories&post=228859"},{"taxonomy":"post_tag","embeddable":true,"href":"https:\/\/archivio.cercoiltuovolto.it\/index.php?rest_route=%2Fwp%2Fv2%2Ftags&post=228859"}],"curies":[{"name":"wp","href":"https:\/\/api.w.org\/{rel}","templated":true}]}}