{"id":228858,"date":"2009-10-05T10:13:55","date_gmt":"2009-10-05T10:13:55","guid":{"rendered":"https:\/\/archivio.cercoiltuovolto.it\/?p=228858"},"modified":"2009-10-05T10:13:55","modified_gmt":"2009-10-05T10:13:55","slug":"cd-frammenti-di-luce-sandro-di-stefano","status":"publish","type":"post","link":"https:\/\/archivio.cercoiltuovolto.it\/?p=228858","title":{"rendered":"CD &#8211; Frammenti di luce (Sandro di Stefano)"},"content":{"rendered":"<p style=\"text-align: justify;\">Quest&#8217;opera, che comprende dieci brani composti, diretti e orchestrati dal <strong>M\u00b0 Sandro Di Stefano<\/strong>, rappresenta un percorso musicale ispirato ad alcuni passi biblici, spaziando dall&#8217;Antico al Nuovo Testamento.<\/p>\n<p style=\"text-align: justify;\"><a href=\"http:\/\/www.cercoiltuovolto.it\/\/wp-content\/uploads\/2009\/10\/frammenti_luce_musica_alessandro_di_stefano_pcd257.jpg\"><img loading=\"lazy\" decoding=\"async\" class=\"alignleft size-full wp-image-7079\" title=\"copertina\" src=\"http:\/\/www.cercoiltuovolto.it\/\/wp-content\/uploads\/2009\/10\/frammenti_luce_musica_alessandro_di_stefano_pcd257.jpg\" alt=\"copertina\" width=\"160\" height=\"143\" \/><\/a>\u00c8 una lettura personale, emotiva e spirituale, che trasforma in immagini sonore i pensieri e gli stati d&#8217;animo, attraverso una ricerca di suoni, vibrazioni, combinazioni timbriche.<\/p>\n<p style=\"text-align: justify;\">Il tema della \u201cluce\u201d \u00e8 ricorrente e d\u00e0 un&#8217;impronta di continuit\u00e0 a questa sorta di viaggio dell&#8217;anima: dal primordiale bagliore fisico della creazione, al chiarore dell&#8217;aurora poetica dei salmi, dal Salvatore \u201cluce del mondo\u201d, alla luce degli occhi che sconfiggono miracolosamente il buio della cecit\u00e0.<\/p>\n<p style=\"text-align: justify;\">Il libretto del CD riporta un&#8217;interessante guida all&#8217;ascolto, curata dallo stesso autore, con le citazioni dei passi biblici, l&#8217;approccio creativo ai temi e la scelta degli strumenti, a volte non convenzionali (per esempio il &#8220;duduk&#8221;, tradizionale strumento a fiato armeno).<\/p>\n<p style=\"text-align: justify;\">Un CD di musica per la meditazione e la preghiera; presentato in un elegante packaging cartonato, \u00e8 un&#8217;ottima idea per un regalo e funzionale anche per la sonorizzazione di letture sceniche e di immagini.<\/p>\n<h3>Brani:<\/h3>\n<ul>\n<li style=\"text-align: justify;\">Fiat lux<\/li>\n<li style=\"text-align: justify;\">Eden<\/li>\n<li style=\"text-align: justify;\">Notturno<\/li>\n<li style=\"text-align: justify;\">Dialogo<\/li>\n<li style=\"text-align: justify;\">Aurora<\/li>\n<li style=\"text-align: justify;\"><strong>Luce del mondo<\/strong> (<em>ascolta la clip a fine articolo<\/em>)<\/li>\n<li style=\"text-align: justify;\">Siloe<\/li>\n<li style=\"text-align: justify;\">Come sigillo<\/li>\n<li style=\"text-align: justify;\">Spiritus<\/li>\n<li style=\"text-align: justify;\">I campi del cielo.<\/li>\n<\/ul>\n<p style=\"text-align: justify;\"><strong>Autore<\/strong>: SANDRO DI STEFANO<\/p>\n<p style=\"text-align: justify;\"><strong>Destinatario<\/strong>: tutti<\/p>\n<p style=\"text-align: justify;\"><strong>Supporto<\/strong>: cd<\/p>\n<p style=\"text-align: justify;\"><strong>Edizione<\/strong>: 1<\/p>\n<p style=\"text-align: justify;\"><strong>Anno di pubblicazione<\/strong>: 2009<\/p>\n<p style=\"text-align: justify;\"><strong>Luogo di pubblicazione<\/strong>: roma<\/p>\n<p style=\"text-align: justify;\"><strong>Casa editrice<\/strong>: paoline<\/p>\n<p style=\"text-align: justify;\"><strong>Prezzo<\/strong>: 15,00 \u20ac<\/p>\n<p class=\"acquista-paragrafo\" style=\"text-align: justify;\"><a href=\"http:\/\/www.paoline.it\/SchedaProdottoEC.aspx?IdP=8019118022578\" target=\"_blank\">Acquista il cd<\/a><\/p>\n<p style=\"text-align: justify;\">\u00a0<\/p>\n","protected":false},"excerpt":{"rendered":"<p>Quest&#8217;opera, che comprende dieci brani composti, diretti e orchestrati dal M\u00b0 Sandro Di Stefano, rappresenta un percorso musicale ispirato ad alcuni passi biblici, spaziando dall&#8217;Antico al Nuovo Testamento. \u00c8 una lettura personale, emotiva e spirituale, che trasforma in immagini sonore i pensieri e gli stati d&#8217;animo, attraverso una ricerca di suoni, vibrazioni, combinazioni timbriche. Il&#8230;<\/p>\n","protected":false},"author":3,"featured_media":0,"comment_status":"closed","ping_status":"closed","sticky":false,"template":"","format":"standard","meta":{"_kad_post_transparent":"","_kad_post_title":"","_kad_post_layout":"","_kad_post_sidebar_id":"","_kad_post_content_style":"","_kad_post_vertical_padding":"","_kad_post_feature":"","_kad_post_feature_position":"","_kad_post_header":false,"_kad_post_footer":false,"_kad_post_classname":"","footnotes":""},"categories":[99,4],"tags":[38],"class_list":["post-228858","post","type-post","status-publish","format-standard","hentry","category-99","category-audio-cattolici","tag-musica-e-fede"],"_links":{"self":[{"href":"https:\/\/archivio.cercoiltuovolto.it\/index.php?rest_route=\/wp\/v2\/posts\/228858","targetHints":{"allow":["GET"]}}],"collection":[{"href":"https:\/\/archivio.cercoiltuovolto.it\/index.php?rest_route=\/wp\/v2\/posts"}],"about":[{"href":"https:\/\/archivio.cercoiltuovolto.it\/index.php?rest_route=\/wp\/v2\/types\/post"}],"author":[{"embeddable":true,"href":"https:\/\/archivio.cercoiltuovolto.it\/index.php?rest_route=\/wp\/v2\/users\/3"}],"replies":[{"embeddable":true,"href":"https:\/\/archivio.cercoiltuovolto.it\/index.php?rest_route=%2Fwp%2Fv2%2Fcomments&post=228858"}],"version-history":[{"count":0,"href":"https:\/\/archivio.cercoiltuovolto.it\/index.php?rest_route=\/wp\/v2\/posts\/228858\/revisions"}],"wp:attachment":[{"href":"https:\/\/archivio.cercoiltuovolto.it\/index.php?rest_route=%2Fwp%2Fv2%2Fmedia&parent=228858"}],"wp:term":[{"taxonomy":"category","embeddable":true,"href":"https:\/\/archivio.cercoiltuovolto.it\/index.php?rest_route=%2Fwp%2Fv2%2Fcategories&post=228858"},{"taxonomy":"post_tag","embeddable":true,"href":"https:\/\/archivio.cercoiltuovolto.it\/index.php?rest_route=%2Fwp%2Fv2%2Ftags&post=228858"}],"curies":[{"name":"wp","href":"https:\/\/api.w.org\/{rel}","templated":true}]}}