{"id":228855,"date":"2009-10-04T21:42:21","date_gmt":"2009-10-04T21:42:21","guid":{"rendered":"https:\/\/archivio.cercoiltuovolto.it\/?p=228855"},"modified":"2009-10-04T21:42:21","modified_gmt":"2009-10-04T21:42:21","slug":"angelus-del-4-ottobre-2009-in-mp3","status":"publish","type":"post","link":"https:\/\/archivio.cercoiltuovolto.it\/?p=228855","title":{"rendered":"Angelus del 4 ottobre 2009 in mp3"},"content":{"rendered":"<p>Cari fratelli e sorelle!<\/p>\n<p style=\"text-align: justify;\">Stamani, nella Basilica di San Pietro, ha avuto luogo la Celebrazione eucaristica di apertura della Seconda Assemblea Speciale per l\u2019Africa del Sinodo dei Vescovi, durante la quale si \u00e8 pregato anche in diverse lingue africane. Il mio venerato predecessore Giovanni Paolo II convoc\u00f2 il primo &#8220;Sinodo africano&#8221; nel 1994, nella prospettiva dell\u2019anno 2000 e del terzo <a href=\"http:\/\/www.cercoiltuovolto.it\/\/wp-content\/uploads\/2009\/10\/or996012.jpg\"><img loading=\"lazy\" decoding=\"async\" class=\"alignleft size-medium wp-image-7058\" title=\"S.S. Benedetto XVI - udienza generale in piazza San Pietro\" src=\"http:\/\/www.cercoiltuovolto.it\/\/wp-content\/uploads\/2009\/10\/or996012-300x199.jpg\" alt=\"S.S. Benedetto XVI - udienza generale in piazza San Pietro\" width=\"300\" height=\"199\" \/><\/a>millennio cristiano. Egli, che col suo zelo missionario si fece tante volte pellegrino in terra africana, ha raccolto i contenuti emersi da quell\u2019assise nell\u2019Esortazione apostolica <em>Ecclesia in Africa<\/em>, rilanciando l\u2019evangelizzazione del Continente. A distanza di quindici anni, questa nuova Assemblea si pone in continuit\u00e0 con la prima, per verificare il cammino compiuto, approfondire alcuni aspetti ed esaminare le sfide pi\u00f9 recenti. Il tema scelto \u00e8: &#8220;La Chiesa in Africa al servizio della riconciliazione, della giustizia e della pace&#8221; \u2013 accompagnato da una parola di Cristo rivolta ai discepoli: &#8220;Voi siete il sale della terra \u2026 voi siete la luce del mondo&#8221; (<em>Mt<\/em> 5,13.14) [Leggi tutto il messaggio]<em> \u00a9 Copyright 2009 &#8211; Libreria  Editrice Vaticana<\/em><\/p>\n<h3>Link al video ufficiale (richiede Quick Time)<\/h3>\n<p><span style=\"font-size: xx-small;\"><\/span><\/p>\n<p style=\"text-align: left;\"><img decoding=\"async\" style=\"vertical-align: middle;\" title=\"Link\" src=\"http:\/\/www.cercoiltuovolto.it\/\/images\/web.png\" alt=\"Link\" \/> <strong>Fonte<\/strong>: Radio Vaticana via FeedRss | <strong>Fotografia<\/strong>: <a href=\"https:\/\/www.photo.va\/\" target=\"_blank\">Osservatore Romano<\/a><\/p>\n<p style=\"text-align: justify;\"><span style=\"font-size: xx-small;\"><em>(The content of this podcast is copyrighted by Vatican Radio which, according to  its statute, is entrusted to manage and protect the sound recordings of the  Roman Pontiff, ensuring that their pastoral character and intellectual  property&#8217;s rights are protected when used by third parties. The content of this  podcast is made available only for personal and private use and cannot be  exploited for commercial purposes, without prior written authorization by  Vatican Radio. For further information, please contact the International  Relation Office at relint@vatiradio.va)<\/em><\/span><\/p>\n","protected":false},"excerpt":{"rendered":"<p>Cari fratelli e sorelle! Stamani, nella Basilica di San Pietro, ha avuto luogo la Celebrazione eucaristica di apertura della Seconda Assemblea Speciale per l\u2019Africa del Sinodo dei Vescovi, durante la quale si \u00e8 pregato anche in diverse lingue africane. Il mio venerato predecessore Giovanni Paolo II convoc\u00f2 il primo &#8220;Sinodo africano&#8221; nel 1994, nella prospettiva&#8230;<\/p>\n","protected":false},"author":3,"featured_media":0,"comment_status":"closed","ping_status":"closed","sticky":false,"template":"","format":"standard","meta":{"_kad_post_transparent":"","_kad_post_title":"","_kad_post_layout":"","_kad_post_sidebar_id":"","_kad_post_content_style":"","_kad_post_vertical_padding":"","_kad_post_feature":"","_kad_post_feature_position":"","_kad_post_header":false,"_kad_post_footer":false,"_kad_post_classname":"","footnotes":""},"categories":[99,114],"tags":[115,73],"class_list":["post-228855","post","type-post","status-publish","format-standard","hentry","category-99","category-angelus","tag-audio","tag-benedetto-xvi"],"_links":{"self":[{"href":"https:\/\/archivio.cercoiltuovolto.it\/index.php?rest_route=\/wp\/v2\/posts\/228855","targetHints":{"allow":["GET"]}}],"collection":[{"href":"https:\/\/archivio.cercoiltuovolto.it\/index.php?rest_route=\/wp\/v2\/posts"}],"about":[{"href":"https:\/\/archivio.cercoiltuovolto.it\/index.php?rest_route=\/wp\/v2\/types\/post"}],"author":[{"embeddable":true,"href":"https:\/\/archivio.cercoiltuovolto.it\/index.php?rest_route=\/wp\/v2\/users\/3"}],"replies":[{"embeddable":true,"href":"https:\/\/archivio.cercoiltuovolto.it\/index.php?rest_route=%2Fwp%2Fv2%2Fcomments&post=228855"}],"version-history":[{"count":0,"href":"https:\/\/archivio.cercoiltuovolto.it\/index.php?rest_route=\/wp\/v2\/posts\/228855\/revisions"}],"wp:attachment":[{"href":"https:\/\/archivio.cercoiltuovolto.it\/index.php?rest_route=%2Fwp%2Fv2%2Fmedia&parent=228855"}],"wp:term":[{"taxonomy":"category","embeddable":true,"href":"https:\/\/archivio.cercoiltuovolto.it\/index.php?rest_route=%2Fwp%2Fv2%2Fcategories&post=228855"},{"taxonomy":"post_tag","embeddable":true,"href":"https:\/\/archivio.cercoiltuovolto.it\/index.php?rest_route=%2Fwp%2Fv2%2Ftags&post=228855"}],"curies":[{"name":"wp","href":"https:\/\/api.w.org\/{rel}","templated":true}]}}