{"id":228841,"date":"2009-10-01T08:48:58","date_gmt":"2009-10-01T08:48:58","guid":{"rendered":"https:\/\/archivio.cercoiltuovolto.it\/?p=228841"},"modified":"2009-10-01T08:48:58","modified_gmt":"2009-10-01T08:48:58","slug":"udienza-generale-del-30-settembre-2009-in-mp3","status":"publish","type":"post","link":"https:\/\/archivio.cercoiltuovolto.it\/?p=228841","title":{"rendered":"&#8220;Udienza Generale&#8221; del 30 settembre 2009 in mp3"},"content":{"rendered":"<p style=\"text-align: justify;\">Cari fratelli e sorelle!<br \/>\nCome \u00e8 consuetudine dopo i viaggi apostolici internazionali, profitto dell\u2019odierna Udienza generale per parlare del pellegrinaggio che ho compiuto nei giorni scorsi nella Repubblica Ceca. Lo faccio anzitutto come atto di ringraziamento a Dio, che mi ha concesso di <a href=\"http:\/\/www.cercoiltuovolto.it\/\/wp-content\/uploads\/2009\/10\/or994294.jpg\"><img loading=\"lazy\" decoding=\"async\" class=\"alignleft size-medium wp-image-7012\" title=\"SS Benedetto XVI - Piazza San Pietro , udienza generale , 30-09-2009\" src=\"http:\/\/www.cercoiltuovolto.it\/\/wp-content\/uploads\/2009\/10\/or994294-300x200.jpg\" alt=\"SS Benedetto XVI - Piazza San Pietro , udienza generale , 30-09-2009\" width=\"300\" height=\"200\" \/><\/a>compiere questa visita e che l\u2019ha largamente benedetta. \u00c8 stato un vero pellegrinaggio e, al tempo stesso, una missione nel cuore dell\u2019Europa: pellegrinaggio, perch\u00e9 la Boemia e la Moravia sono da oltre un millennio terra di fede e di santit\u00e0; missione, perch\u00e9 l\u2019Europa ha bisogno di ritrovare in Dio e nel suo amore il fondamento saldo della speranza. Non \u00e8 un caso se i Santi evangelizzatori di quelle popolazioni, Cirillo e Metodio, sono patroni d\u2019Europa insieme con san Benedetto. \u201cL\u2019amore di Cristo \u00e8 la nostra forza\u201d: questo \u00e8 stato il motto del viaggio, un\u2019affermazione che riecheggia la fede di tanti eroici testimoni del passato remoto e recente, penso in particolare al secolo scorso, ma che soprattutto vuole interpretare la certezza dei cristiani di oggi. S\u00ec, la nostra forza \u00e8 l\u2019amore di Cristo! Una forza che ispira e anima le vere rivoluzioni, pacifiche e liberatrici, e che ci sostiene nei momenti di crisi, permettendo di risollevarci quando la libert\u00e0, faticosamente recuperata, rischia di smarrire se stessa, la propria verit\u00e0.\u00a0 [<a href=\"http:\/\/www.vatican.va\/holy_father\/benedict_xvi\/audiences\/2009\/documents\/hf_ben-xvi_aud_20090930_it.html\" target=\"_blank\">Leggi tutto il messaggio<\/a>] <em>\u00a9 Copyright 2009 &#8211; Libreria  Editrice Vaticana<\/em><\/p>\n<h3>Link al video ufficiale<\/h3>\n<p style=\"text-align: left;\"><img loading=\"lazy\" decoding=\"async\" style=\"border: 0pt none; vertical-align: middle;\" title=\"Link\" src=\"http:\/\/www.cercoiltuovolto.it\/\/images\/web.png\" alt=\"Link\" width=\"24\" height=\"24\" \/> Fonte del podcast: <strong>Radio Vaticana<\/strong> via FeedRss | <strong>Foto<\/strong>: <a href=\"https:\/\/www.photo.va\" target=\"_blank\">Osservatore Romano<\/a><\/p>\n<p style=\"text-align: justify;\"><span style=\"font-size: xx-small;\"><em>(The content of this podcast is copyrighted by Vatican Radio which, according to  its statute, is entrusted to manage and protect the sound recordings of the  Roman Pontiff, ensuring that their pastoral character and intellectual  property&#8217;s rights are protected when used by third parties. The content of this  podcast is made available only for personal and private use and cannot be  exploited for commercial purposes, without prior written authorization by  Vatican Radio. For further information, please contact the International  Relation Office at relint@vatiradio.va)<\/em><\/span><\/p>\n","protected":false},"excerpt":{"rendered":"<p>Cari fratelli e sorelle! Come \u00e8 consuetudine dopo i viaggi apostolici internazionali, profitto dell\u2019odierna Udienza generale per parlare del pellegrinaggio che ho compiuto nei giorni scorsi nella Repubblica Ceca. Lo faccio anzitutto come atto di ringraziamento a Dio, che mi ha concesso di compiere questa visita e che l\u2019ha largamente benedetta. \u00c8 stato un vero&#8230;<\/p>\n","protected":false},"author":3,"featured_media":0,"comment_status":"closed","ping_status":"closed","sticky":false,"template":"","format":"standard","meta":{"_kad_post_transparent":"","_kad_post_title":"","_kad_post_layout":"","_kad_post_sidebar_id":"","_kad_post_content_style":"","_kad_post_vertical_padding":"","_kad_post_feature":"","_kad_post_feature_position":"","_kad_post_header":false,"_kad_post_footer":false,"_kad_post_classname":"","footnotes":""},"categories":[99,4],"tags":[73,65],"class_list":["post-228841","post","type-post","status-publish","format-standard","hentry","category-99","category-audio-cattolici","tag-benedetto-xvi","tag-udienza-generale"],"_links":{"self":[{"href":"https:\/\/archivio.cercoiltuovolto.it\/index.php?rest_route=\/wp\/v2\/posts\/228841","targetHints":{"allow":["GET"]}}],"collection":[{"href":"https:\/\/archivio.cercoiltuovolto.it\/index.php?rest_route=\/wp\/v2\/posts"}],"about":[{"href":"https:\/\/archivio.cercoiltuovolto.it\/index.php?rest_route=\/wp\/v2\/types\/post"}],"author":[{"embeddable":true,"href":"https:\/\/archivio.cercoiltuovolto.it\/index.php?rest_route=\/wp\/v2\/users\/3"}],"replies":[{"embeddable":true,"href":"https:\/\/archivio.cercoiltuovolto.it\/index.php?rest_route=%2Fwp%2Fv2%2Fcomments&post=228841"}],"version-history":[{"count":0,"href":"https:\/\/archivio.cercoiltuovolto.it\/index.php?rest_route=\/wp\/v2\/posts\/228841\/revisions"}],"wp:attachment":[{"href":"https:\/\/archivio.cercoiltuovolto.it\/index.php?rest_route=%2Fwp%2Fv2%2Fmedia&parent=228841"}],"wp:term":[{"taxonomy":"category","embeddable":true,"href":"https:\/\/archivio.cercoiltuovolto.it\/index.php?rest_route=%2Fwp%2Fv2%2Fcategories&post=228841"},{"taxonomy":"post_tag","embeddable":true,"href":"https:\/\/archivio.cercoiltuovolto.it\/index.php?rest_route=%2Fwp%2Fv2%2Ftags&post=228841"}],"curies":[{"name":"wp","href":"https:\/\/api.w.org\/{rel}","templated":true}]}}