{"id":228830,"date":"2009-09-30T06:03:11","date_gmt":"2009-09-30T06:03:11","guid":{"rendered":"https:\/\/archivio.cercoiltuovolto.it\/?p=228830"},"modified":"2009-09-30T06:03:11","modified_gmt":"2009-09-30T06:03:11","slug":"il-cardinale-bagnasco-riprende-la-celebrazione-della-giornata-di-riflessione-ebraico-cristiana","status":"publish","type":"post","link":"https:\/\/archivio.cercoiltuovolto.it\/?p=228830","title":{"rendered":"Il cardinale Bagnasco: riprende la celebrazione della Giornata di riflessione ebraico-cristiana"},"content":{"rendered":"<p style=\"text-align: justify;\">(23 settembre 2009) Il cardinale Angelo Bagnasco, presidente della Conferenza episcopale italiana e il presidente dell\u2019Assemblea rabbinica italiana, Giuseppe Laras, al termine di un incontro odierno, hanno deciso di &#8220;<strong>comune accordo di riprendere la celebrazione comune della Giornata di riflessione ebraico-cristiana del 17 gennaio<\/strong>&#8220;, che nell&#8217;ultima edizione non ha potuto vedere la partecipazione degli ebrei. E\u2019 stata comune, si legge in un comunicato della Cei, \u201cla convinzione che la ripresa di tale celebrazione aiuter\u00e0 la comprensione reciproca e render\u00e0 pi\u00f9 fruttuosa la collaborazione per la crescita dell\u2019amore verso Dio e il prossimo\u201d. Il cardinale Bagnasco ha rassicurato il rabbino Laras e il rabbino capo di Roma, Riccardo Di Segni, anch\u2019egli presente all\u2019incontro in occasione dell\u2019inizio dell\u2019anno ebraico, che \u201cnon c\u2019\u00e8 nel modo pi\u00f9 assoluto alcun cambiamento nell\u2019atteggiamento che la Chiesa cattolica ha sviluppato verso gli Ebrei, soprattutto a partire dal Concilio Vaticano II\u201d. A tale riguardo, la Conferenza episcopale italiana ribadisce che \u201cnon \u00e8 intenzione della Chiesa Cattolica operare attivamente per la conversione degli ebrei\u201d. Il porporato \u201cha manifestato la sua preoccupazione per quei focolai di antisemitismo e di antigiudaismo che, di tempo in tempo, continuano ad apparire, ribadendo la necessit\u00e0 di un&#8217;attenta vigilanza, auspicando che i legami gi\u00e0 profondi tra le due parti si stringano ancor pi\u00f9\u201d. Con la crescita dell\u2019amicizia e della stima reciproca, \u00e8 l\u2019auspicio dell\u2019arcivescovo di Genova, \u201csar\u00e0 pi\u00f9 facile sradicare quegli elementi che possono favorire atteggiamenti antiebraici\u201d. Il cardinale Bagnasco, si legge nel comunicato, ha \u201ccompreso le reazioni di preoccupazione manifestate in relazione a talune espressioni del testo liturgico\u201d, ma ha ribadito quanto gi\u00e0 il cardinale Tarcisio Bertone \u201caveva espresso con chiarezza nella Lettera al Rabbinato di Israele circa le intenzioni del Santo Padre dopo la pubblicazione dell\u2019\u201cOremus et pro Iudaeis\u201d. Il cammino compiuto in questi ultimi decenni, prosegue il comunicato Cei, \u201c\u00e8 stato straordinario e pieno di frutti per tutti\u201d. In tale orizzonte, quindi, continuer\u00e0 la riflessione sulle Dieci Parole, come Benedetto XVI aveva auspicato nella sinagoga di Colonia. L\u2019anno prossimo, pertanto, conclude il comunicato, si riprender\u00e0 il quarto comandamento, secondo la numerazione ebraica: \u00abRicordati del giorno di Sabato per santificarlo\u00bb. (A cura di Alessandro Gisotti per Radio Vaticana)<\/p>\n","protected":false},"excerpt":{"rendered":"<p>(23 settembre 2009) Il cardinale Angelo Bagnasco, presidente della Conferenza episcopale italiana e il presidente dell\u2019Assemblea rabbinica italiana, Giuseppe Laras, al termine di un incontro odierno, hanno deciso di &#8220;comune accordo di riprendere la celebrazione comune della Giornata di riflessione ebraico-cristiana del 17 gennaio&#8220;, che nell&#8217;ultima edizione non ha potuto vedere la partecipazione degli ebrei&#8230;.<\/p>\n","protected":false},"author":3,"featured_media":0,"comment_status":"closed","ping_status":"closed","sticky":false,"template":"","format":"standard","meta":{"_kad_post_transparent":"","_kad_post_title":"","_kad_post_layout":"","_kad_post_sidebar_id":"","_kad_post_content_style":"","_kad_post_vertical_padding":"","_kad_post_feature":"","_kad_post_feature_position":"","_kad_post_header":false,"_kad_post_footer":false,"_kad_post_classname":"","footnotes":""},"categories":[99,4],"tags":[117],"class_list":["post-228830","post","type-post","status-publish","format-standard","hentry","category-99","category-audio-cattolici","tag-incontri"],"_links":{"self":[{"href":"https:\/\/archivio.cercoiltuovolto.it\/index.php?rest_route=\/wp\/v2\/posts\/228830","targetHints":{"allow":["GET"]}}],"collection":[{"href":"https:\/\/archivio.cercoiltuovolto.it\/index.php?rest_route=\/wp\/v2\/posts"}],"about":[{"href":"https:\/\/archivio.cercoiltuovolto.it\/index.php?rest_route=\/wp\/v2\/types\/post"}],"author":[{"embeddable":true,"href":"https:\/\/archivio.cercoiltuovolto.it\/index.php?rest_route=\/wp\/v2\/users\/3"}],"replies":[{"embeddable":true,"href":"https:\/\/archivio.cercoiltuovolto.it\/index.php?rest_route=%2Fwp%2Fv2%2Fcomments&post=228830"}],"version-history":[{"count":0,"href":"https:\/\/archivio.cercoiltuovolto.it\/index.php?rest_route=\/wp\/v2\/posts\/228830\/revisions"}],"wp:attachment":[{"href":"https:\/\/archivio.cercoiltuovolto.it\/index.php?rest_route=%2Fwp%2Fv2%2Fmedia&parent=228830"}],"wp:term":[{"taxonomy":"category","embeddable":true,"href":"https:\/\/archivio.cercoiltuovolto.it\/index.php?rest_route=%2Fwp%2Fv2%2Fcategories&post=228830"},{"taxonomy":"post_tag","embeddable":true,"href":"https:\/\/archivio.cercoiltuovolto.it\/index.php?rest_route=%2Fwp%2Fv2%2Ftags&post=228830"}],"curies":[{"name":"wp","href":"https:\/\/api.w.org\/{rel}","templated":true}]}}