{"id":228828,"date":"2009-09-28T12:18:09","date_gmt":"2009-09-28T12:18:09","guid":{"rendered":"https:\/\/archivio.cercoiltuovolto.it\/?p=228828"},"modified":"2009-09-28T12:18:09","modified_gmt":"2009-09-28T12:18:09","slug":"gita-al-faro-virginia-woolf","status":"publish","type":"post","link":"https:\/\/archivio.cercoiltuovolto.it\/?p=228828","title":{"rendered":"&#8220;Gita al faro&#8221; &#8211; Virginia Woolf"},"content":{"rendered":"<p style=\"text-align: justify;\">In una sera del settembre del 1914, la famiglia Ramsay, in vacanza in una delle isole Ebridi, decide di fare l&#8217;indomani una gita al faro con alcuni amici. Per James, il figlio pi\u00f9 piccolo, quel <a rel=\"lightbox\" href=\"http:\/\/www.cercoiltuovolto.it\/\/wp-content\/uploads\/2009\/09\/gita-al-faro.jpg\"><img loading=\"lazy\" decoding=\"async\" class=\"alignleft size-thumbnail wp-image-6964\" title=\"Copertina del libro\" src=\"http:\/\/www.cercoiltuovolto.it\/\/wp-content\/uploads\/2009\/09\/gita-al-faro-75x75.jpg\" alt=\"Copertina del libro\" width=\"75\" height=\"75\" \/><\/a>luogo \u00e8 una meta di sogno, densa di significati e di misteri. La gita viene per\u00f2 rimandata per il maltempo. Passano dieci anni, la casa va in rovina, molti membri della famiglia sono morti. I Ramsey sopravvissuti riescono a fare la gita al faro, mentre una delle antiche ospiti finisce un quadro iniziato dieci anni prima. Passato e presente si intrecciano, il tempo assume un diverso significato. Introduzione di Attilio Bertolucci.<\/p>\n<h3>Ascolta l&#8217;adattamento radiofonico di Radio Vaticana (4 puntate di 30 minuti circa) &#8211; [download id=&#8221;88&#8243;]<\/h3>\n<blockquote>\n<h3><span style=\"color: #ff0000;\">Aggiornamento del 02\/10\/2009<\/span><\/h3>\n<p>Nel file precedente manca una registrazione, la quinta, che \u00e8 possibile scaricare dal seguente link:<\/p>\n<p>[download id=&#8221;89&#8243;]<\/p>\n<\/blockquote>\n<h3>Informazioni utili<\/h3>\n<ul>\n<li><strong>Titolo <\/strong>Gita al faro<\/li>\n<li><strong>Autore <\/strong>Virginia Woolf<\/li>\n<li><strong>Prezzo <\/strong>\u20ac 8,50<\/li>\n<li><strong>Dati <\/strong>2003<\/li>\n<li><strong>Editore <\/strong>Garzanti<span class=\"tcorpotesto\"> <\/span><\/li>\n<\/ul>\n<p class=\"acquista-paragrafo\"><a href=\"http:\/\/www.libreriadelsanto.it\/libri\/9788811360889\/gita-al-faro.html?p=sot\" target=\"_blank\">Acquista il libro<\/a> su Libreria del Santo<\/p>\n","protected":false},"excerpt":{"rendered":"<p>In una sera del settembre del 1914, la famiglia Ramsay, in vacanza in una delle isole Ebridi, decide di fare l&#8217;indomani una gita al faro con alcuni amici. Per James, il figlio pi\u00f9 piccolo, quel luogo \u00e8 una meta di sogno, densa di significati e di misteri. La gita viene per\u00f2 rimandata per il maltempo&#8230;.<\/p>\n","protected":false},"author":3,"featured_media":0,"comment_status":"closed","ping_status":"closed","sticky":false,"template":"","format":"standard","meta":{"_kad_post_transparent":"","_kad_post_title":"","_kad_post_layout":"","_kad_post_sidebar_id":"","_kad_post_content_style":"","_kad_post_vertical_padding":"","_kad_post_feature":"","_kad_post_feature_position":"","_kad_post_header":false,"_kad_post_footer":false,"_kad_post_classname":"","footnotes":""},"categories":[99,3],"tags":[17],"class_list":["post-228828","post","type-post","status-publish","format-standard","hentry","category-99","category-libri","tag-libri"],"_links":{"self":[{"href":"https:\/\/archivio.cercoiltuovolto.it\/index.php?rest_route=\/wp\/v2\/posts\/228828","targetHints":{"allow":["GET"]}}],"collection":[{"href":"https:\/\/archivio.cercoiltuovolto.it\/index.php?rest_route=\/wp\/v2\/posts"}],"about":[{"href":"https:\/\/archivio.cercoiltuovolto.it\/index.php?rest_route=\/wp\/v2\/types\/post"}],"author":[{"embeddable":true,"href":"https:\/\/archivio.cercoiltuovolto.it\/index.php?rest_route=\/wp\/v2\/users\/3"}],"replies":[{"embeddable":true,"href":"https:\/\/archivio.cercoiltuovolto.it\/index.php?rest_route=%2Fwp%2Fv2%2Fcomments&post=228828"}],"version-history":[{"count":0,"href":"https:\/\/archivio.cercoiltuovolto.it\/index.php?rest_route=\/wp\/v2\/posts\/228828\/revisions"}],"wp:attachment":[{"href":"https:\/\/archivio.cercoiltuovolto.it\/index.php?rest_route=%2Fwp%2Fv2%2Fmedia&parent=228828"}],"wp:term":[{"taxonomy":"category","embeddable":true,"href":"https:\/\/archivio.cercoiltuovolto.it\/index.php?rest_route=%2Fwp%2Fv2%2Fcategories&post=228828"},{"taxonomy":"post_tag","embeddable":true,"href":"https:\/\/archivio.cercoiltuovolto.it\/index.php?rest_route=%2Fwp%2Fv2%2Ftags&post=228828"}],"curies":[{"name":"wp","href":"https:\/\/api.w.org\/{rel}","templated":true}]}}