{"id":228812,"date":"2009-09-23T13:30:24","date_gmt":"2009-09-23T13:30:24","guid":{"rendered":"https:\/\/archivio.cercoiltuovolto.it\/?p=228812"},"modified":"2009-09-23T13:30:24","modified_gmt":"2009-09-23T13:30:24","slug":"udienza-generale-del-23-settembre-2009-in-mp3","status":"publish","type":"post","link":"https:\/\/archivio.cercoiltuovolto.it\/?p=228812","title":{"rendered":"&#8220;Udienza Generale&#8221; del 23 settembre 2009 in mp3"},"content":{"rendered":"<p style=\"text-align: justify;\">Cari fratelli e sorelle,<br \/>\n a Roma, sul colle dell\u2019Aventino, si trova l&#8217;Abbazia benedettina di Sant\u2019Anselmo. Come sede di un Istituto di studi superiori e dell&#8217;Abate Primate dei Benedettini Confederati, essa \u00e8 un luogo che unisce in s\u00e9 la preghiera, lo studio e il governo, proprio le tre attivit\u00e0 che caratterizzarono la vita del Santo al quale \u00e8 dedicata: Anselmo d\u2019Aosta di cui ricorre quest\u2019anno il IX centenario della morte. Le molteplici iniziative, promosse specialmente dalla diocesi di Aosta per questa fausta ricorrenza hanno evidenziato l\u2019interesse che continua a suscitare questo pensatore medievale. <a rel=\"lightbox\" href=\"http:\/\/www.cercoiltuovolto.it\/\/wp-content\/uploads\/2009\/09\/or984415.jpg\"><img loading=\"lazy\" decoding=\"async\" class=\"alignleft size-medium wp-image-6912\" title=\"SS Benedetto XVI - Aula Paolo VI - Udienza Generale - 23-09-2009\" src=\"http:\/\/www.cercoiltuovolto.it\/\/wp-content\/uploads\/2009\/09\/or984415-300x199.jpg\" alt=\"SS Benedetto XVI - Aula Paolo VI - Udienza Generale - 23-09-2009\" width=\"300\" height=\"199\" \/><\/a>Egli \u00e8 noto anche come Anselmo di Bec e Anselmo di Canterbury a motivo delle citt\u00e0 con le quali \u00e8 stato in rapporto. Chi \u00e8 questo personaggio al quale tre localit\u00e0, lontane tra loro e collocate in tre Nazioni diverse \u2013 Italia, Francia, Inghilterra \u2013, si sentono particolarmente legate? Monaco di intensa vita spirituale, eccellente educatore di giovani, teologo con una straordinaria capacit\u00e0 speculativa, saggio uomo di governo ed intransigente difensore della libertas Ecclesiae, della libert\u00e0 della Chiesa. Anselmo \u00e9 una delle personalit\u00e0 eminenti del Medioevo, che seppe armonizzare tutte queste qualit\u00e0 grazie a una profonda esperienza mistica, che sempre ebbe a guidarne il pensiero e l\u2019azione. [Leggi tutto il messaggio] <em>\u00a9 Copyright 2009 &#8211; Libreria  Editrice Vaticana<\/em><\/p>\n<p style=\"text-align: justify;\"><em>Link al video ufficiale (formato Quick Time) <\/em><\/p>\n<p style=\"text-align: left;\"><img loading=\"lazy\" decoding=\"async\" style=\"vertical-align: middle; border: 0px none currentColor;\" title=\"Link\" src=\"http:\/\/www.cercoiltuovolto.it\/\/images\/web.png\" alt=\"Link\" width=\"24\" height=\"24\" \/> Fonte del podcast: <strong>Radio Vaticana<\/strong> via FeedRss | <strong>Foto<\/strong>: <a href=\"https:\/\/www.photo.va\" target=\"_blank\">Osservatore Romano<\/a><\/p>\n<p style=\"text-align: justify;\"><span style=\"font-size: xx-small;\"><em>(The content of this podcast is copyrighted by Vatican Radio which, according to  its statute, is entrusted to manage and protect the sound recordings of the  Roman Pontiff, ensuring that their pastoral character and intellectual  property&#8217;s rights are protected when used by third parties. The content of this  podcast is made available only for personal and private use and cannot be  exploited for commercial purposes, without prior written authorization by  Vatican Radio. For further information, please contact the International  Relation Office at relint@vatiradio.va)<\/em><\/span><\/p>\n","protected":false},"excerpt":{"rendered":"<p>Cari fratelli e sorelle, a Roma, sul colle dell\u2019Aventino, si trova l&#8217;Abbazia benedettina di Sant\u2019Anselmo. Come sede di un Istituto di studi superiori e dell&#8217;Abate Primate dei Benedettini Confederati, essa \u00e8 un luogo che unisce in s\u00e9 la preghiera, lo studio e il governo, proprio le tre attivit\u00e0 che caratterizzarono la vita del Santo al&#8230;<\/p>\n","protected":false},"author":3,"featured_media":0,"comment_status":"closed","ping_status":"closed","sticky":false,"template":"","format":"standard","meta":{"_kad_post_transparent":"","_kad_post_title":"","_kad_post_layout":"","_kad_post_sidebar_id":"","_kad_post_content_style":"","_kad_post_vertical_padding":"","_kad_post_feature":"","_kad_post_feature_position":"","_kad_post_header":false,"_kad_post_footer":false,"_kad_post_classname":"","footnotes":""},"categories":[99,4],"tags":[73,65],"class_list":["post-228812","post","type-post","status-publish","format-standard","hentry","category-99","category-audio-cattolici","tag-benedetto-xvi","tag-udienza-generale"],"_links":{"self":[{"href":"https:\/\/archivio.cercoiltuovolto.it\/index.php?rest_route=\/wp\/v2\/posts\/228812","targetHints":{"allow":["GET"]}}],"collection":[{"href":"https:\/\/archivio.cercoiltuovolto.it\/index.php?rest_route=\/wp\/v2\/posts"}],"about":[{"href":"https:\/\/archivio.cercoiltuovolto.it\/index.php?rest_route=\/wp\/v2\/types\/post"}],"author":[{"embeddable":true,"href":"https:\/\/archivio.cercoiltuovolto.it\/index.php?rest_route=\/wp\/v2\/users\/3"}],"replies":[{"embeddable":true,"href":"https:\/\/archivio.cercoiltuovolto.it\/index.php?rest_route=%2Fwp%2Fv2%2Fcomments&post=228812"}],"version-history":[{"count":0,"href":"https:\/\/archivio.cercoiltuovolto.it\/index.php?rest_route=\/wp\/v2\/posts\/228812\/revisions"}],"wp:attachment":[{"href":"https:\/\/archivio.cercoiltuovolto.it\/index.php?rest_route=%2Fwp%2Fv2%2Fmedia&parent=228812"}],"wp:term":[{"taxonomy":"category","embeddable":true,"href":"https:\/\/archivio.cercoiltuovolto.it\/index.php?rest_route=%2Fwp%2Fv2%2Fcategories&post=228812"},{"taxonomy":"post_tag","embeddable":true,"href":"https:\/\/archivio.cercoiltuovolto.it\/index.php?rest_route=%2Fwp%2Fv2%2Ftags&post=228812"}],"curies":[{"name":"wp","href":"https:\/\/api.w.org\/{rel}","templated":true}]}}