{"id":228811,"date":"2009-09-25T07:00:41","date_gmt":"2009-09-25T07:00:41","guid":{"rendered":"https:\/\/archivio.cercoiltuovolto.it\/?p=228811"},"modified":"2009-09-25T07:00:41","modified_gmt":"2009-09-25T07:00:41","slug":"i-nomadi-a-loreto","status":"publish","type":"post","link":"https:\/\/archivio.cercoiltuovolto.it\/?p=228811","title":{"rendered":"I Nomadi a Loreto"},"content":{"rendered":"<p style=\"text-align: justify;\">In occasione della chiusura dei festeggiamenti dei suoi 80 anni di fondazione, la Parrocchia Sacro Cuore di Ges\u00f9 insieme all\u2019amministrazione comunale, ha organizzato DOMENICA 20 SETTEMBRE 2009, il CONCERTO DEI NOMADI, presso il Campo Sportivo di Monte Reale alle ore 17.<\/p>\n<p style=\"text-align: justify;\"><a rel=\"lightbox\" href=\"http:\/\/www.cercoiltuovolto.it\/\/wp-content\/uploads\/2009\/09\/nomadi_locandina.jpg\"><img loading=\"lazy\" decoding=\"async\" class=\"alignleft size-medium wp-image-6903\" title=\"La locandina\" src=\"http:\/\/www.cercoiltuovolto.it\/\/wp-content\/uploads\/2009\/09\/nomadi_locandina-212x300.jpg\" alt=\"La locandina\" width=\"127\" height=\"180\" \/><\/a>Il Concerto \u00e8 stato preceduto da una importante ed esclusiva manifestazione che ha avuto luogo Venerd\u00ec 18: dalle ore 15 \u00e8 stata allestita una mostra di quadri realizzati da amici e fans su Augusto Daolio, fondatore dello storico gruppo, presso il Bastione Sangallo nel centro storico in Piazza Garibaldi e la sera alle ore 21.15 al Teatro Comunale spettacolo di lettura di testi e poesie di Augusto Daolio intitolato &#8220;Aspettando i Nomadi&#8230; Ricordando Augusto&#8221;. E&#8217; stato inoltre proiettato un filmato realizzato dalla compagna di vita di Augusto, Rosanna Fantuzzi (presidente dell\u2019associazione Augusto per la vita alla quale dobbiamo immensa gratitudine per la disponibilit\u00e0 e la volont\u00e0 di coordinare e promuovere tutti gli eventi di questa giornata &#8220;preparatoria&#8221;).<\/p>\n<p style=\"text-align: center;\">\n<h3>Due video della serata<\/h3>\n<p style=\"text-align: center;\">\n","protected":false},"excerpt":{"rendered":"<p>In occasione della chiusura dei festeggiamenti dei suoi 80 anni di fondazione, la Parrocchia Sacro Cuore di Ges\u00f9 insieme all\u2019amministrazione comunale, ha organizzato DOMENICA 20 SETTEMBRE 2009, il CONCERTO DEI NOMADI, presso il Campo Sportivo di Monte Reale alle ore 17. Il Concerto \u00e8 stato preceduto da una importante ed esclusiva manifestazione che ha avuto&#8230;<\/p>\n","protected":false},"author":3,"featured_media":0,"comment_status":"closed","ping_status":"closed","sticky":false,"template":"","format":"standard","meta":{"_kad_post_transparent":"","_kad_post_title":"","_kad_post_layout":"","_kad_post_sidebar_id":"","_kad_post_content_style":"","_kad_post_vertical_padding":"","_kad_post_feature":"","_kad_post_feature_position":"","_kad_post_header":false,"_kad_post_footer":false,"_kad_post_classname":"","footnotes":""},"categories":[99,152],"tags":[38,113],"class_list":["post-228811","post","type-post","status-publish","format-standard","hentry","category-99","category-iniziative","tag-musica-e-fede","tag-video"],"_links":{"self":[{"href":"https:\/\/archivio.cercoiltuovolto.it\/index.php?rest_route=\/wp\/v2\/posts\/228811","targetHints":{"allow":["GET"]}}],"collection":[{"href":"https:\/\/archivio.cercoiltuovolto.it\/index.php?rest_route=\/wp\/v2\/posts"}],"about":[{"href":"https:\/\/archivio.cercoiltuovolto.it\/index.php?rest_route=\/wp\/v2\/types\/post"}],"author":[{"embeddable":true,"href":"https:\/\/archivio.cercoiltuovolto.it\/index.php?rest_route=\/wp\/v2\/users\/3"}],"replies":[{"embeddable":true,"href":"https:\/\/archivio.cercoiltuovolto.it\/index.php?rest_route=%2Fwp%2Fv2%2Fcomments&post=228811"}],"version-history":[{"count":0,"href":"https:\/\/archivio.cercoiltuovolto.it\/index.php?rest_route=\/wp\/v2\/posts\/228811\/revisions"}],"wp:attachment":[{"href":"https:\/\/archivio.cercoiltuovolto.it\/index.php?rest_route=%2Fwp%2Fv2%2Fmedia&parent=228811"}],"wp:term":[{"taxonomy":"category","embeddable":true,"href":"https:\/\/archivio.cercoiltuovolto.it\/index.php?rest_route=%2Fwp%2Fv2%2Fcategories&post=228811"},{"taxonomy":"post_tag","embeddable":true,"href":"https:\/\/archivio.cercoiltuovolto.it\/index.php?rest_route=%2Fwp%2Fv2%2Ftags&post=228811"}],"curies":[{"name":"wp","href":"https:\/\/api.w.org\/{rel}","templated":true}]}}