{"id":228756,"date":"2009-09-11T06:00:09","date_gmt":"2009-09-11T06:00:09","guid":{"rendered":"https:\/\/archivio.cercoiltuovolto.it\/?p=228756"},"modified":"2009-09-11T06:00:09","modified_gmt":"2009-09-11T06:00:09","slug":"commento-al-vangelo-di-domenica-13-settembre-2009-comunita-catt-ungheria","status":"publish","type":"post","link":"https:\/\/archivio.cercoiltuovolto.it\/?p=228756","title":{"rendered":"Commento al Vangelo di domenica 13 settembre 2009 &#8211; Comunit\u00e0 catt. Ungheria"},"content":{"rendered":"<p style=\"text-align: justify;\"><strong>La tentazione di separare la fede in Ges\u00f9 dalla Croce<\/strong> <br \/>\n Il brano evangelico di questa domenica \u00e8 al centro dell\u2019intero racconto di Marco (conclude la prima parte del Vangelo e apre la seconda) ed \u00e8 importante per pi\u00f9 di un motivo. Ges\u00f9 stesso pone esplicitamente l\u2019interrogativo (Mc 8,27) che secondo l\u2019evangelista ogni lettore<a rel=\"lightbox\" href=\"http:\/\/www.cercoiltuovolto.it\/\/wp-content\/uploads\/2009\/09\/polenov49.JPG\"><img loading=\"lazy\" decoding=\"async\" class=\"alignright size-medium wp-image-6690\" title=\"Vasiliy Polenov. &quot;What People Think about Me&quot;. From the series &quot;The Life of Christ&quot;. 1900. Oil on canvas.\" src=\"http:\/\/www.cercoiltuovolto.it\/\/wp-content\/uploads\/2009\/09\/polenov49-300x188.jpg\" alt=\"Vasiliy Polenov. &quot;What People Think about Me&quot;. From the series &quot;The Life of Christ&quot;. 1900. Oil on canvas.\" width=\"300\" height=\"188\" \/><\/a> \u00e8 a questo punto obbligato a porsi: \u00abChi dicono che io sia?\u00bb. La risposta della gente non afferra la novit\u00e0 di Ges\u00f9 e lo allinea con gli altri profeti. La risposta di Pietro \u00e8 precisa e riconosce con chiarezza la messianicit\u00e0 di Ges\u00f9. Un punto di arrivo, dunque, E tuttavia c\u2019\u00e8 un altro passo da compiere. Dire che Ges\u00f9 \u00e8 Messia \u00e8 esatto ma incompleto: c\u2019\u00e8 sempre il pericolo di pensare la sua messianicit\u00e0 secondo il pensiero degli uomini. \u00c8 la via della Croce che completa il discorso, chiarificandolo. Quando Pietro gli dice: \u00abTu sei il Cristo\u00bb, Ges\u00f9 sente il bisogno di precisare: \u00abSono il Figlio dell\u2019uomo che deve molto soffrire\u00bb. [Continua a leggere nel sito della <a href=\"http:\/\/marcodaviano.wordpress.com\/2009\/09\/09\/ma-vade-retro-va\/\" target=\"_blank\">Comunit\u00e0 cattolica italiana in Ungheria<\/a>]<\/p>\n<p style=\"text-align: center;\">\n","protected":false},"excerpt":{"rendered":"<p>La tentazione di separare la fede in Ges\u00f9 dalla Croce Il brano evangelico di questa domenica \u00e8 al centro dell\u2019intero racconto di Marco (conclude la prima parte del Vangelo e apre la seconda) ed \u00e8 importante per pi\u00f9 di un motivo. Ges\u00f9 stesso pone esplicitamente l\u2019interrogativo (Mc 8,27) che secondo l\u2019evangelista ogni lettore \u00e8 a&#8230;<\/p>\n","protected":false},"author":3,"featured_media":0,"comment_status":"closed","ping_status":"closed","sticky":false,"template":"","format":"standard","meta":{"_kad_post_transparent":"","_kad_post_title":"","_kad_post_layout":"","_kad_post_sidebar_id":"","_kad_post_content_style":"","_kad_post_vertical_padding":"","_kad_post_feature":"","_kad_post_feature_position":"","_kad_post_header":false,"_kad_post_footer":false,"_kad_post_classname":"","footnotes":""},"categories":[99,147],"tags":[22,172,113],"class_list":["post-228756","post","type-post","status-publish","format-standard","hentry","category-99","category-commento-al-vangelo","tag-francescani","tag-vangelo-della-domenica","tag-video"],"_links":{"self":[{"href":"https:\/\/archivio.cercoiltuovolto.it\/index.php?rest_route=\/wp\/v2\/posts\/228756","targetHints":{"allow":["GET"]}}],"collection":[{"href":"https:\/\/archivio.cercoiltuovolto.it\/index.php?rest_route=\/wp\/v2\/posts"}],"about":[{"href":"https:\/\/archivio.cercoiltuovolto.it\/index.php?rest_route=\/wp\/v2\/types\/post"}],"author":[{"embeddable":true,"href":"https:\/\/archivio.cercoiltuovolto.it\/index.php?rest_route=\/wp\/v2\/users\/3"}],"replies":[{"embeddable":true,"href":"https:\/\/archivio.cercoiltuovolto.it\/index.php?rest_route=%2Fwp%2Fv2%2Fcomments&post=228756"}],"version-history":[{"count":0,"href":"https:\/\/archivio.cercoiltuovolto.it\/index.php?rest_route=\/wp\/v2\/posts\/228756\/revisions"}],"wp:attachment":[{"href":"https:\/\/archivio.cercoiltuovolto.it\/index.php?rest_route=%2Fwp%2Fv2%2Fmedia&parent=228756"}],"wp:term":[{"taxonomy":"category","embeddable":true,"href":"https:\/\/archivio.cercoiltuovolto.it\/index.php?rest_route=%2Fwp%2Fv2%2Fcategories&post=228756"},{"taxonomy":"post_tag","embeddable":true,"href":"https:\/\/archivio.cercoiltuovolto.it\/index.php?rest_route=%2Fwp%2Fv2%2Ftags&post=228756"}],"curies":[{"name":"wp","href":"https:\/\/api.w.org\/{rel}","templated":true}]}}