{"id":228753,"date":"2009-09-10T08:00:09","date_gmt":"2009-09-10T08:00:09","guid":{"rendered":"https:\/\/archivio.cercoiltuovolto.it\/?p=228753"},"modified":"2009-09-10T08:00:09","modified_gmt":"2009-09-10T08:00:09","slug":"diocesi-di-pistoia-una-settimana-sullimmortalita-terrena","status":"publish","type":"post","link":"https:\/\/archivio.cercoiltuovolto.it\/?p=228753","title":{"rendered":"Diocesi di Pistoia : una settimana sull&#8217;immortalit\u00e0 terrena"},"content":{"rendered":"<p style=\"text-align: justify;\">Dedicata alla \u201cimmortalit\u00e0 terrena\u201d (per essere precisi alla \u201cIdea della immortalit\u00e0 terrena\u201d) la settimana teologica promossa dalla diocesi di Pistoia. E\u2019 il 23mo appuntamento della serie che, coordinata dal teologo Giordano Frosini, all\u2019inizio di ogni settembre coinvolge la comunit\u00e0 pistoiese, ecclesiale e civile, su frontiere di una teologia applicata a vari settori della esistenza contemporanea. Il tema di quest\u2019anno prende spunto da un volume (<strong><a title=\"Acquista il libro\" href=\"http:\/\/www.libreriadelsanto.it\/libri\/9788810140475\/l-ultimo-esorcismo-filosofie-dellimmortalita-terrena.html\" target=\"_blank\">\u201cL\u2019ultimo esorcismo. Filosofie dell\u2019immortalit\u00e0 terrena\u201d, EDB 2009<\/a><\/strong>) di Andrea Vaccaro, docente e intellettuale pistoiese: il primo studio in Italia rivolto ad affrontare in modo sistematico le rivoluzioni scientifiche derivanti dalla combinazione di genetica, robotica e nanotecnologie. <img loading=\"lazy\" decoding=\"async\" class=\"alignleft size-full wp-image-6674\" title=\"Copertina del libro\" src=\"http:\/\/www.cercoiltuovolto.it\/\/wp-content\/uploads\/2009\/09\/Vaccaro.JPG\" alt=\"Copertina del libro\" width=\"200\" height=\"300\" \/>L\u2019assunto da cui parte l\u2019analisi di Vaccaro \u00e8 riferito a studi di premi Nobel, docenti universitari, direttori di istituti di ricerca: con la previsione che, grazie agli sviluppi delle scienze, tutte le cause di malattia, e quindi di morte, saranno sbaragliate arrivando dunque a un punto in cui le persone non avranno pi\u00f9 et\u00e0, rimarranno giovani senza invecchiare, saranno chiamate ad affrontare \u201cuna estensione radicale della vita a seguito di una manipolazione radicale dell\u2019uomo\u201d. La morte \u2013 si chiede Vaccaro &#8211; sar\u00e0 dunque \u201cesorcizzata\u201d al punto tale da \u201cprospettare la possibilit\u00e0 che essa non ci riguardi, che essa non raggiunga l\u2019essere umano\u201d? Che tipo di incroci saranno allora possibili con le ragioni dello spirito e dell\u2019\u2019umanesimo? Come potranno cambiare le riflessioni sul rapporto (e sulla \u201camicizia\u201d) fra scienza e fede? Quali i mutamenti sulla visione religiosa?<\/p>\n<p style=\"text-align: justify;\">Per un\u2019intera settimana (da luned\u00ec 7 a venerd\u00ec 10 settembre) l\u2019antica sala del convento di San Domenico (piazza San Domenico 1, Pistoia) sar\u00e0 al centro di riflessioni con alcuni fra i maggiori studiosi italiani: Aldo Schiavone, direttore dell\u2019Istituto italiano di Scienze umane di Firenze-Napoli; Stefano Grossi, vicedirettore dell\u2019Istituto superiore di Scienze religiose di Firenze; Gianfranco Basti, professore di Filosofia della natura e della scienza alla Pontificia Universit\u00e0 Lateranense. Le relazioni del primo giorno sono affidate ad Alfio Filippi (direttore del Centro editoriale Dehoniano) e allo stesso Andrea Vaccaro. Affidate al vescovo Mansueto Bianchi, venerd\u00ec 11 settembre, le conclusioni e nello stesso giorno ci sar\u00e0 spazio per leggere le e-mail dei partecipanti (\u00e8 aperta una casella di posta elettronica: settimanateologica[at]diocesipistoia.it)<\/p>\n<p style=\"text-align: center;\">\n<p style=\"text-align: center;\">&#8220;Video tratto da www.intoscana.it&#8221;<\/p>\n<p class=\"fonte\" style=\"text-align: justify;\">Fonte: 0573News <\/p>\n","protected":false},"excerpt":{"rendered":"<p>Dedicata alla \u201cimmortalit\u00e0 terrena\u201d (per essere precisi alla \u201cIdea della immortalit\u00e0 terrena\u201d) la settimana teologica promossa dalla diocesi di Pistoia. E\u2019 il 23mo appuntamento della serie che, coordinata dal teologo Giordano Frosini, all\u2019inizio di ogni settembre coinvolge la comunit\u00e0 pistoiese, ecclesiale e civile, su frontiere di una teologia applicata a vari settori della esistenza contemporanea&#8230;.<\/p>\n","protected":false},"author":3,"featured_media":0,"comment_status":"closed","ping_status":"closed","sticky":false,"template":"","format":"standard","meta":{"_kad_post_transparent":"","_kad_post_title":"","_kad_post_layout":"","_kad_post_sidebar_id":"","_kad_post_content_style":"","_kad_post_vertical_padding":"","_kad_post_feature":"","_kad_post_feature_position":"","_kad_post_header":false,"_kad_post_footer":false,"_kad_post_classname":"","footnotes":""},"categories":[99,122],"tags":[62,117,17],"class_list":["post-228753","post","type-post","status-publish","format-standard","hentry","category-99","category-conferenze","tag-diocesi","tag-incontri","tag-libri"],"_links":{"self":[{"href":"https:\/\/archivio.cercoiltuovolto.it\/index.php?rest_route=\/wp\/v2\/posts\/228753","targetHints":{"allow":["GET"]}}],"collection":[{"href":"https:\/\/archivio.cercoiltuovolto.it\/index.php?rest_route=\/wp\/v2\/posts"}],"about":[{"href":"https:\/\/archivio.cercoiltuovolto.it\/index.php?rest_route=\/wp\/v2\/types\/post"}],"author":[{"embeddable":true,"href":"https:\/\/archivio.cercoiltuovolto.it\/index.php?rest_route=\/wp\/v2\/users\/3"}],"replies":[{"embeddable":true,"href":"https:\/\/archivio.cercoiltuovolto.it\/index.php?rest_route=%2Fwp%2Fv2%2Fcomments&post=228753"}],"version-history":[{"count":0,"href":"https:\/\/archivio.cercoiltuovolto.it\/index.php?rest_route=\/wp\/v2\/posts\/228753\/revisions"}],"wp:attachment":[{"href":"https:\/\/archivio.cercoiltuovolto.it\/index.php?rest_route=%2Fwp%2Fv2%2Fmedia&parent=228753"}],"wp:term":[{"taxonomy":"category","embeddable":true,"href":"https:\/\/archivio.cercoiltuovolto.it\/index.php?rest_route=%2Fwp%2Fv2%2Fcategories&post=228753"},{"taxonomy":"post_tag","embeddable":true,"href":"https:\/\/archivio.cercoiltuovolto.it\/index.php?rest_route=%2Fwp%2Fv2%2Ftags&post=228753"}],"curies":[{"name":"wp","href":"https:\/\/api.w.org\/{rel}","templated":true}]}}