{"id":228743,"date":"2009-09-09T08:00:27","date_gmt":"2009-09-09T08:00:27","guid":{"rendered":"https:\/\/archivio.cercoiltuovolto.it\/?p=228743"},"modified":"2009-09-09T08:00:27","modified_gmt":"2009-09-09T08:00:27","slug":"i-gen-verde-con-rapsodia-di-popoli-a-pontedera","status":"publish","type":"post","link":"https:\/\/archivio.cercoiltuovolto.it\/?p=228743","title":{"rendered":"I Gen Verde con &#8220;Rapsodia di Popoli&#8221; a Pontedera"},"content":{"rendered":"<p style=\"text-align: justify;\"><img loading=\"lazy\" decoding=\"async\" class=\"alignleft size-full wp-image-6616\" title=\"Locandina\" src=\"http:\/\/www.cercoiltuovolto.it\/\/wp-content\/uploads\/2009\/09\/rapsodia-di-popoli.jpg\" alt=\"Locandina\" width=\"200\" height=\"254\" \/>Sabato 26 settembre 2009 presso il Teatro Era in Via Indipendenza, 1 (a Pontedera) si esibiranno i <a href=\"http:\/\/www.genverde.it\" target=\"_blank\">Gen Verde<\/a> con due spettacoli alle ore 17 e alle ore 21 per:<\/p>\n<h2>Rapsodia di Popoli<\/h2>\n<p style=\"text-align: justify;\">Il Gen Verde \u00e8 un multiartistic performing group formato oggi da 24 componenti di 13 nazioni.<br \/>\n Un gruppo da sempre costituito al femminile nel quale l&#8217;internazionalit\u00e0 porta nella produzione musicale le sonorit\u00e0 dei diversi Paesi e nella produzione artistica l&#8217;originalit\u00e0 e vivacit\u00e0 delle diverse culture.<br \/>\n Il Gen Verde si \u00e8 costituito ed ha sede a Loppiano, cittadella internazionale del Movimento dei Focolari, dove la multiculturalit\u00e0 \u00e8 arricchimento, dono di s\u00e9 e accoglienza dell&#8217;altro. Un luogo che appare come l&#8217;humus naturale per far fiorire la creativit\u00e0 del Gen Verde.<br \/>\n Nel Natale del 1966 un gruppo di ragazze del Movimento dei Focolari ricevettero in dono da Chiara Lubich fondatrice del Movimento, una batteria verde.\u00a0<br \/>\n In quegli anni era nato il Movimento gen, le nuove generazioni dei Focolari: giovani di tutto il mondo impegnati per la realizzazione di un mondo unito. Un progetto di fraternit\u00e0 universale che ha radice nelle parole di Ges\u00f9: &#8220;Che tutti siano uno&#8221; ma coinvolge persone di ogni religione e cultura. Il gruppo, unendo nel nome il colore verde della batteria con l\u2019acronimo gen, vuole contribuire, attraverso l\u2019ambito artistico, alla realizzazione dell\u2019unit\u00e0 tra uomini e popoli.<\/p>\n<p style=\"text-align: justify;\">[youtube]http:\/\/www.youtube.com\/watch?v=4Q1vr_29lAI[\/youtube]<br \/>\n Uno stile di vita, un programma, una meta: contribuire alla realizzazione dell\u2019unit\u00e0.<br \/>\n Unit\u00e0: una parola semplice ma difficile da raggiungere; una parola unica ma compresa a tutte le latitudini; una parola sola ma che il Gen Verde cerca di declinare a tutti i livelli ed in mille modalit\u00e0.<br \/>\n Un progetto da vivere e diffondere attraverso musiche, danze e brani teatrali, da attuare nel modo di lavorare, di creare, di comporre.<\/p>\n<p class=\"fonte\" style=\"text-align: justify;\">Fonte: <a href=\"http:\/\/www.comune.pontedera.pi.it\/evento_calendario\/eventi2009\/i-gen-verde-con-rapsodia-di-popoli-al-teatro-era\" target=\"_blank\">Comune di Pontedera<\/a> | <a href=\"http:\/\/www.facebook.com\/event.php?eid=152005470041\" target=\"_blank\">Evento su Facebook<\/a><\/p>\n<p style=\"text-align: justify;\">\u00a0<\/p>\n","protected":false},"excerpt":{"rendered":"<p>Sabato 26 settembre 2009 presso il Teatro Era in Via Indipendenza, 1 (a Pontedera) si esibiranno i Gen Verde con due spettacoli alle ore 17 e alle ore 21 per: Rapsodia di Popoli Il Gen Verde \u00e8 un multiartistic performing group formato oggi da 24 componenti di 13 nazioni. Un gruppo da sempre costituito al&#8230;<\/p>\n","protected":false},"author":3,"featured_media":0,"comment_status":"closed","ping_status":"closed","sticky":false,"template":"","format":"standard","meta":{"_kad_post_transparent":"","_kad_post_title":"","_kad_post_layout":"","_kad_post_sidebar_id":"","_kad_post_content_style":"","_kad_post_vertical_padding":"","_kad_post_feature":"","_kad_post_feature_position":"","_kad_post_header":false,"_kad_post_footer":false,"_kad_post_classname":"","footnotes":""},"categories":[99,152],"tags":[38,92,113],"class_list":["post-228743","post","type-post","status-publish","format-standard","hentry","category-99","category-iniziative","tag-musica-e-fede","tag-spettacoli","tag-video"],"_links":{"self":[{"href":"https:\/\/archivio.cercoiltuovolto.it\/index.php?rest_route=\/wp\/v2\/posts\/228743","targetHints":{"allow":["GET"]}}],"collection":[{"href":"https:\/\/archivio.cercoiltuovolto.it\/index.php?rest_route=\/wp\/v2\/posts"}],"about":[{"href":"https:\/\/archivio.cercoiltuovolto.it\/index.php?rest_route=\/wp\/v2\/types\/post"}],"author":[{"embeddable":true,"href":"https:\/\/archivio.cercoiltuovolto.it\/index.php?rest_route=\/wp\/v2\/users\/3"}],"replies":[{"embeddable":true,"href":"https:\/\/archivio.cercoiltuovolto.it\/index.php?rest_route=%2Fwp%2Fv2%2Fcomments&post=228743"}],"version-history":[{"count":0,"href":"https:\/\/archivio.cercoiltuovolto.it\/index.php?rest_route=\/wp\/v2\/posts\/228743\/revisions"}],"wp:attachment":[{"href":"https:\/\/archivio.cercoiltuovolto.it\/index.php?rest_route=%2Fwp%2Fv2%2Fmedia&parent=228743"}],"wp:term":[{"taxonomy":"category","embeddable":true,"href":"https:\/\/archivio.cercoiltuovolto.it\/index.php?rest_route=%2Fwp%2Fv2%2Fcategories&post=228743"},{"taxonomy":"post_tag","embeddable":true,"href":"https:\/\/archivio.cercoiltuovolto.it\/index.php?rest_route=%2Fwp%2Fv2%2Ftags&post=228743"}],"curies":[{"name":"wp","href":"https:\/\/api.w.org\/{rel}","templated":true}]}}