{"id":228740,"date":"2009-09-09T07:00:45","date_gmt":"2009-09-09T07:00:45","guid":{"rendered":"https:\/\/archivio.cercoiltuovolto.it\/?p=228740"},"modified":"2009-09-09T07:00:45","modified_gmt":"2009-09-09T07:00:45","slug":"la-filmoteca-vaticana","status":"publish","type":"post","link":"https:\/\/archivio.cercoiltuovolto.it\/?p=228740","title":{"rendered":"La &#8220;Filmoteca Vaticana&#8221;"},"content":{"rendered":"<p style=\"text-align: justify;\"><img loading=\"lazy\" decoding=\"async\" class=\"alignleft size-full wp-image-6585\" title=\"filmoteca-vaticana\" src=\"http:\/\/www.cercoiltuovolto.it\/\/wp-content\/uploads\/2009\/09\/filmoteca-vaticana.jpg\" alt=\"filmoteca-vaticana\" width=\"262\" height=\"97\" \/>La Filmoteca Vaticana \u00e8 stata istituita il 16 novembre 1959 dal beato Giovanni XXIII, con lo scopo di raccogliere e conservare filmati sulla vita della Chiesa.<br \/>\n L\u2019archivio conta circa 7000 titoli catalogati: filmati storici sui pontefici,l\u2019attivit\u00e0 della Chiesa, film commerciali di particolare rilievo artistico e tematico, documentari di attualit\u00e0.<br \/>\n Il materiale in pellicola, che necessita di particolari condizioni climatiche, \u00e8 conservato in un apposito cellario con temperatura costante di circa 16\u00b0 ed umidit\u00e0 al 30%.<\/p>\n<p style=\"text-align: justify;\"><img loading=\"lazy\" decoding=\"async\" class=\"alignleft size-full wp-image-6586\" title=\"leonexiii\" src=\"http:\/\/www.cercoiltuovolto.it\/\/wp-content\/uploads\/2009\/09\/leonexiii.png\" alt=\"leonexiii\" width=\"320\" height=\"240\" \/>Tra i film in archivio si segnalano, tra l\u2019altro <strong>&#8220;LeoneXIII&#8221;<\/strong>, realizzato nel 1896 su pellicola Lumi\u00e8re, &#8220;Pio XI e Marconi&#8221;, sull\u2019inaugurazione della Radio Vaticana del 1931, &#8220;Pastor Angelicus&#8221;, biografia di Pio XII e &#8220;Il Concilio Vaticano II&#8221;. Si segnala anche &#8220;L\u2019Inferno&#8221;, una pellicola del 1911 sull\u2019 opera di Dante, prodotta dalla Helios Film di Velletri, nella quale per la prima volta vengono utilizzati gli effetti speciali in chiave moderni. Quest\u2019 ultimo film, fa parte del &#8220;Fondo Joye&#8221;, una collezione pellicole risalenti ai primordi del cinema, affidato dai Padri Gesuiti alla Filmoteca Vaticana. Gli storici cinematografici credevano che &#8220;L\u2019inferno&#8221; fosse andato perduto ed il suo ritrovamento negli archivi della Filmoteca ha suscitato un notevole interesse da cui \u00e8 nata un importante iniziativa culturale. Grazie al contributo della Ditta Farmaceutica Bayer e di Cinecitt\u00e0 Holding, la pellicola \u00e8 stata restaurata ed \u00e8 stato realizzato in un dvd destinato alle scuole.<br \/>\n Il film \u00e8 stato, ed \u00e8 ancora, richiesto per numerose iniziative cinematografiche e culturali, tra cui la Mostra Cinematografica di Venezia e il MoMA(Museum of Modern Art) di New York.<br \/>\n La Filmoteca \u00e8 dotata di attrezzature professionali per la visione e il trasferimento in supporto digitale del materiale e di un piccolo laboratorio che consente di effettuare i primi interventi rigenerativi sulle pellicole.<br \/>\n La Filmoteca, situata nella sede del Pontificio Consiglio delle Comunicazioni Sociali, dispone anche di una sala cinematografica professionale di circa 50 posti.<br \/>\n La sala \u00e8 stata recentemente ristrutturata ed il 20 gennaio 2005 \u00e8 stata inaugurata alla presenza di illustri personalit\u00e0 della Curia e dell\u2019 ambiente cinematografico.<br \/>\n In essa si effettuano proiezioni, a volte anche in anteprima, per il personale della ed il Corpo Diplomatico accreditato presso la Santa Sede.<\/p>\n<p style=\"text-align: justify;\">La filmoteca lavora da anni ad un progetto di ricerca sul cinema mondiale attinente la religione, dal 1896 ad oggi, per evidenziare tutte le produzioni cinematografiche che hanno affrontato la tematica del trascendente.<br \/>\n Il primo volume di questa filmografia \u00e8 gi\u00e0 stato pubblicato e si sta lavorando al secondo.<br \/>\n Un\u2019 altra iniziativa di rilievo \u00e8 l\u2019 organizzazione del Convegno Internazionale di Studi, nell\u2019 ambito del Festival del cinema spirituale, in collaborazione con l\u2019 Ente dello Spettacolo ed il Pontificio Consiglio della Cultura. A questa iniziativa, giunta alla IX edizione, partecipano ogni anno importanti esponenti del mondo cinematografico e culturale.<\/p>\n<p class=\"info\" style=\"text-align: justify;\">Link al sito ufficiale (<strong>dove \u00e8 possibile scaricare alcuni filmati<\/strong>)<\/p>\n","protected":false},"excerpt":{"rendered":"<p>La Filmoteca Vaticana \u00e8 stata istituita il 16 novembre 1959 dal beato Giovanni XXIII, con lo scopo di raccogliere e conservare filmati sulla vita della Chiesa. L\u2019archivio conta circa 7000 titoli catalogati: filmati storici sui pontefici,l\u2019attivit\u00e0 della Chiesa, film commerciali di particolare rilievo artistico e tematico, documentari di attualit\u00e0. Il materiale in pellicola, che necessita&#8230;<\/p>\n","protected":false},"author":3,"featured_media":0,"comment_status":"closed","ping_status":"closed","sticky":false,"template":"","format":"standard","meta":{"_kad_post_transparent":"","_kad_post_title":"","_kad_post_layout":"","_kad_post_sidebar_id":"","_kad_post_content_style":"","_kad_post_vertical_padding":"","_kad_post_feature":"","_kad_post_feature_position":"","_kad_post_header":false,"_kad_post_footer":false,"_kad_post_classname":"","footnotes":""},"categories":[99,133],"tags":[9,113],"class_list":["post-228740","post","type-post","status-publish","format-standard","hentry","category-99","category-film","tag-vaticano","tag-video"],"_links":{"self":[{"href":"https:\/\/archivio.cercoiltuovolto.it\/index.php?rest_route=\/wp\/v2\/posts\/228740","targetHints":{"allow":["GET"]}}],"collection":[{"href":"https:\/\/archivio.cercoiltuovolto.it\/index.php?rest_route=\/wp\/v2\/posts"}],"about":[{"href":"https:\/\/archivio.cercoiltuovolto.it\/index.php?rest_route=\/wp\/v2\/types\/post"}],"author":[{"embeddable":true,"href":"https:\/\/archivio.cercoiltuovolto.it\/index.php?rest_route=\/wp\/v2\/users\/3"}],"replies":[{"embeddable":true,"href":"https:\/\/archivio.cercoiltuovolto.it\/index.php?rest_route=%2Fwp%2Fv2%2Fcomments&post=228740"}],"version-history":[{"count":0,"href":"https:\/\/archivio.cercoiltuovolto.it\/index.php?rest_route=\/wp\/v2\/posts\/228740\/revisions"}],"wp:attachment":[{"href":"https:\/\/archivio.cercoiltuovolto.it\/index.php?rest_route=%2Fwp%2Fv2%2Fmedia&parent=228740"}],"wp:term":[{"taxonomy":"category","embeddable":true,"href":"https:\/\/archivio.cercoiltuovolto.it\/index.php?rest_route=%2Fwp%2Fv2%2Fcategories&post=228740"},{"taxonomy":"post_tag","embeddable":true,"href":"https:\/\/archivio.cercoiltuovolto.it\/index.php?rest_route=%2Fwp%2Fv2%2Ftags&post=228740"}],"curies":[{"name":"wp","href":"https:\/\/api.w.org\/{rel}","templated":true}]}}