{"id":228736,"date":"2009-09-07T13:21:58","date_gmt":"2009-09-07T13:21:58","guid":{"rendered":"https:\/\/archivio.cercoiltuovolto.it\/?p=228736"},"modified":"2009-09-07T13:21:58","modified_gmt":"2009-09-07T13:21:58","slug":"una-piccola-matita-su-testi-di-madre-teresa","status":"publish","type":"post","link":"https:\/\/archivio.cercoiltuovolto.it\/?p=228736","title":{"rendered":"&#8220;Una piccola matita&#8221; (su testi di Madre Teresa)"},"content":{"rendered":"<p style=\"text-align: justify;\"><img loading=\"lazy\" decoding=\"async\" class=\"alignleft size-full wp-image-6593\" title=\"Copertina\" src=\"http:\/\/www.cercoiltuovolto.it\/\/wp-content\/uploads\/2009\/09\/piccola_matita.jpg\" alt=\"Copertina\" width=\"133\" height=\"185\" \/>In occasione del dodicesimo anniversario della scomparsa della Beata Madre Teresa e in preparazione al centenario dalla sua nascita, che ricorrer\u00e0 nel 2010, <a href=\"http:\/\/s2ew.caritasitaliana.it\/pls\/caritasitaliana\/V3_S2EW_consultazione.mostra_paginat0?target=0&amp;id_pagina=1471\" target=\"_blank\">Caritas Italiana<\/a> e Centro Europeo Risorse Umane propongono il terzo volume del Progetto Culturale ed Educativo &#8220;PhonoStorie&#8221; dedicato a grandi personaggi del XX secolo. <br \/>\n &#8220;Una piccola matita&#8221; non \u00e8 un saggio, n\u00e9 una biografia, ma uno strumento per mettersi in ascolto delle profondit\u00e0 dell&#8217;animo di Madre Teresa, ripercorrendone la vicenda umana, attraverso alcune delle pagine di spiritualit\u00e0 pi\u00f9 famose da lei scritte.\u00a0<br \/>\n La Prefazione dell&#8217;Opera \u00e8 affidata a personalit\u00e0 che, per cultura e per una personale, appassionata e profonda ricerca, hanno scritto e testimoniato di lei con toccante sensibilit\u00e0 e limpidezza: Sergio Zavoli e Folco Terzani.\u00a0<br \/>\n Di alto profilo gli artisti che hanno dato la voce agli scritti di Madre Teresa: Paolo Bonacelli, Sonia Bergamasco, Fabrizio Gifuni, Rita Di Lernia, Eleonora Mazzoni, Fabrizio Bucci.<br \/>\n Musiche del compositore Mite Balduzzi.<br \/>\n Da segnalare la partecipazione della cantautrice Chiara Grillo, con il brano &#8220;Una goccia d&#8217;acqua&#8221; in versione acustica, accompagnata al pianoforte dal maestro Emanuele Chirco.<br \/>\n In postfazione l&#8217;audiolibro contiene anche brevi testimonianze di personalit\u00e0 provenienti da diversi ambiti: Giuseppe Merisi, presidente di Caritas Italiana; Sara Simeoni, campionessa olimpica; Giulio Andreotti, senatore; Liliana Cosi, ballerina \u00e9toile; Laura Biagiotti &#8211; stilista.<\/p>\n<h3>Informazioni utili<\/h3>\n<ul>\n<li><strong>Titolo <\/strong>&#8220;Una piccola matita&#8221; (su testi di Madre Teresa)<\/li>\n<li><strong>Autore <\/strong>Caritas Italiana &#8211; Centro europeo Risorse umane<\/li>\n<li><strong>Prezzo <\/strong>\u20ac 24,50 (cd+libro)<\/li>\n<li><strong>Dati <\/strong>2009, 52 p.<\/li>\n<li><strong>Editore <\/strong>L&#8217;Arcobaleno<\/li>\n<\/ul>\n<p><strong>Alcuni estratti dal Cd<\/strong> (mp3 &#8211; durata complessiva 3&#8217;45&#8221;)<br \/>\n Con le voci di: Paolo Bonacelli, Rita Di Lernia, Fabrizio Bucci, Eleonora Mazzoni, Fabrizio Gifuni<\/p>\n","protected":false},"excerpt":{"rendered":"<p>In occasione del dodicesimo anniversario della scomparsa della Beata Madre Teresa e in preparazione al centenario dalla sua nascita, che ricorrer\u00e0 nel 2010, Caritas Italiana e Centro Europeo Risorse Umane propongono il terzo volume del Progetto Culturale ed Educativo &#8220;PhonoStorie&#8221; dedicato a grandi personaggi del XX secolo. &#8220;Una piccola matita&#8221; non \u00e8 un saggio, n\u00e9&#8230;<\/p>\n","protected":false},"author":3,"featured_media":0,"comment_status":"closed","ping_status":"closed","sticky":false,"template":"","format":"standard","meta":{"_kad_post_transparent":"","_kad_post_title":"","_kad_post_layout":"","_kad_post_sidebar_id":"","_kad_post_content_style":"","_kad_post_vertical_padding":"","_kad_post_feature":"","_kad_post_feature_position":"","_kad_post_header":false,"_kad_post_footer":false,"_kad_post_classname":"","footnotes":""},"categories":[99,3],"tags":[17,79],"class_list":["post-228736","post","type-post","status-publish","format-standard","hentry","category-99","category-libri","tag-libri","tag-persone"],"_links":{"self":[{"href":"https:\/\/archivio.cercoiltuovolto.it\/index.php?rest_route=\/wp\/v2\/posts\/228736","targetHints":{"allow":["GET"]}}],"collection":[{"href":"https:\/\/archivio.cercoiltuovolto.it\/index.php?rest_route=\/wp\/v2\/posts"}],"about":[{"href":"https:\/\/archivio.cercoiltuovolto.it\/index.php?rest_route=\/wp\/v2\/types\/post"}],"author":[{"embeddable":true,"href":"https:\/\/archivio.cercoiltuovolto.it\/index.php?rest_route=\/wp\/v2\/users\/3"}],"replies":[{"embeddable":true,"href":"https:\/\/archivio.cercoiltuovolto.it\/index.php?rest_route=%2Fwp%2Fv2%2Fcomments&post=228736"}],"version-history":[{"count":0,"href":"https:\/\/archivio.cercoiltuovolto.it\/index.php?rest_route=\/wp\/v2\/posts\/228736\/revisions"}],"wp:attachment":[{"href":"https:\/\/archivio.cercoiltuovolto.it\/index.php?rest_route=%2Fwp%2Fv2%2Fmedia&parent=228736"}],"wp:term":[{"taxonomy":"category","embeddable":true,"href":"https:\/\/archivio.cercoiltuovolto.it\/index.php?rest_route=%2Fwp%2Fv2%2Fcategories&post=228736"},{"taxonomy":"post_tag","embeddable":true,"href":"https:\/\/archivio.cercoiltuovolto.it\/index.php?rest_route=%2Fwp%2Fv2%2Ftags&post=228736"}],"curies":[{"name":"wp","href":"https:\/\/api.w.org\/{rel}","templated":true}]}}