{"id":228718,"date":"2009-09-04T15:17:50","date_gmt":"2009-09-04T15:17:50","guid":{"rendered":"https:\/\/archivio.cercoiltuovolto.it\/?p=228718"},"modified":"2009-09-04T15:17:50","modified_gmt":"2009-09-04T15:17:50","slug":"festival-francescano-2009","status":"publish","type":"post","link":"https:\/\/archivio.cercoiltuovolto.it\/?p=228718","title":{"rendered":"Festival Francescano 2009"},"content":{"rendered":"<h3>REGGIO EMILIA OSPITERA\u2019 IL PRIMO FESTIVAL FRANCESCANO<\/h3>\n<p align=\"left\">La manifestazione, prevista per il <strong>25, 26 e 27 settembre 2009<\/strong>, prevede spiritualit\u00e0, arte e spettacoli nelle piazze, tra la gente.<\/p>\n<p align=\"justify\">Un grande evento nazionale ha scelto la citt\u00e0 di Reggio Emilia come palcoscenico su cui debuttare. Si tratta del primo Festival Francescano, la manifestazione che offre spiritualit\u00e0, approfondimento, arte e spettacoli in perfetto stile francescano: nelle piazze, tra la gente. Il festival, organizzato dai Frati Minori Cappuccini dell\u2019Emilia Romagna, in collaborazione con l\u2019Ordine Francescano Secolare e gli ordini religiosi femminili a loro vicini, si terr\u00e0 il 25, 26 e 27 settembre 2009, in occasione delle celebrazioni per l\u2019Ottavo Centenario della Regola dell\u2019Ordine Francescano. Il progetto ha ottenuto il patrocinio del Comune e della Provincia di Reggio Emilia, dell\u2019Universit\u00e0 di Modena e Reggio Emilia e della Diocesi di Reggio Emilia e Guastalla.<\/p>\n<p style=\"text-align: center;\">[youtube]http:\/\/www.youtube.com\/watch?v=0IAVIYGJToM[\/youtube]<\/p>\n<p style=\"text-align: center;\">[youtube]http:\/\/www.youtube.com\/watch?v=bBh4ZeF-Lvo[\/youtube]<\/p>\n<p class=\"info\" style=\"text-align: center;\"><a href=\"http:\/\/www.festivalfrancescano.it\/index.php?option=com_content&amp;view=article&amp;id=51&amp;Itemid=58\" target=\"_blank\">Tutti i video<\/a><\/p>\n<p><br class=\"spacer_\" \/><\/p>\n<p align=\"justify\"><a rel=\"lightbox\" href=\"http:\/\/www.cercoiltuovolto.it\/\/wp-content\/uploads\/2009\/09\/manifesto2009.jpg\"><img loading=\"lazy\" decoding=\"async\" class=\"alignleft size-medium wp-image-6532\" title=\"Il Manifesto\" src=\"http:\/\/www.cercoiltuovolto.it\/\/wp-content\/uploads\/2009\/09\/manifesto2009-212x300.jpg\" alt=\"Il Manifesto\" width=\"212\" height=\"300\" \/><\/a>Come tutte le manifestazioni di questo tipo, anche il Festival Francescano mescola riflessione e intrattenimento, con un obiettivo principale: quello di coinvolgere un intero territorio, le istituzioni e le persone che vi abitano. Ecco perch\u00e9 il programma del festival inizia il venerd\u00ec con una mattinata aperta a tutti, ma pensata nello specifico per bambini e studenti, da quelli della Scuola dell\u2019Infanzia fino ai ragazzi che frequentano l\u2019Universit\u00e0, che saranno coinvolti con laboratori, conferenze, proiezioni e spettacoli. Nel corso del Festival Francescano si terranno lezioni magistrali, alle quali \u00e8 affidato il compito di illustrare, da punti di vista disciplinari differenti, il messaggio francescano e le sue declinazioni nell\u2019attualit\u00e0. Numerosi i protagonisti del mondo intellettuale e culturale italiano: il direttore dell\u2019Istituto di Gestalt Giovanni Salonia, lo storico Franco Cardini, l\u2019economista Stefano Zamagni, gli storici dell\u2019arte Chiara Frugoni e Roberto Filippetti, il presidente nazionale dell\u2019Ordine Francescano Secolare Giuseppe Failla, la superiora generale delle Suore Francescane Missionarie di Cristo Maria Gabriella Bortot. E ancora: Lucio Saggioro, docente di Teologia della Comunicazione presso lo Studio Teologico \u201cLaurentianum\u201d di Venezia; Orlando Todisco, docente di Storia della Filosofia medievale presso l\u2019Universit\u00e0 di Cassino e al Seraphicum di Roma; Fulvio De Giorgi, docente di Storia della Pedagogia presso l\u2019Universit\u00e0 di Modena e Reggio Emilia; Pietro Maranesi, docente di teologia dogmatica e francescana presso le facolt\u00e0 di Assisi e Roma; Giorgio Zanetti, docente di Letteratura italiana presso l\u2019Universit\u00e0 di Modena e Reggio Emilia.<\/p>\n<p align=\"justify\">Ricco anche il cartellone degli spettacoli. Tra questi, spicca \u201cFrancesco. Canto di una creatura\u201d, nel quale il celebre cantautore Lucio Dalla mette in musica la storia umana e mistica del Santo di Assisi raccontata da Alda Merini, tra le pi\u00f9 grandi poetesse viventi. Lo spettacolo, debuttato ad Assisi lo scorso anno, si avvale anche della partecipazione dell\u2019attore Marco Alemanno e del \u201cNuork Quintet\u201d del maestro Beppe D\u2019Onghia, con l\u2019accompagnamento dei cori della Diocesi. Ancora la musica sar\u00e0 protagonista nel recital inedito \u201cFrancesco sulla tua via\u201d, diretto da Don Gianfranco Iotti e nelle esibizioni, lungo le vie del centro storico, dei gruppi Nuova Civilt\u00e0, Pelli Sintetiche e Controtempo. Non mancher\u00e0 il teatro, con le pi\u00e8ce \u201cFrancesco di terra e di vento\u201d, rappresentato dalla compagnia Teatro Minimo e con \u201cFratello Francesco. Pu\u00f2 il tutto costare nulla?\u201d, a cura della compagnia amatoriale I granelli di sabbia. Per i bambini, ci sar\u00e0 la magia di Padre Gianfranco Priori, il \u201cFrate Mago\u201d apparso in trasmissioni televisive come il Maurizio Costanzo Show e Domenica In. Tanto spazio anche per il cinema, che vedr\u00e0 un\u2019ospite d\u2019eccezione: la regista Liliana Cavani. Per l\u2019occasione, la Cavani presenter\u00e0 il suo film del 1966 \u201cFrancesco d\u2019Assisi\u201d, nella versione recentemente restaurata dal Ministero per i Beni e le Attivit\u00e0 Culturali e da Cinecitt\u00e0 Holding. Le proiezioni comprendono: \u201cFrate Sole\u201d di Ugo Falena (1918), \u201cFrancesco giullare di Dio\u201d di Roberto Rossellini (1950), \u201cUccellacci e uccellini\u201d di Pier Paolo Pasolini (1966); infine, l\u2019ultimo \u201cFrancesco\u201d della Cavani, risalente al 1989. Fedeli alla loro missione di valorizzazione delle espressioni artistiche della fede e del patrimonio culturale di cui sono custodi, i Cappuccini dell\u2019Emilia Romagna offriranno per il Festival Francescano diverse opportunit\u00e0 di fruizione di mostre e installazioni. L\u2019arte sacra, dal XVI al XX secolo, sar\u00e0 ospitata all\u2019interno del museo dei Cappuccini di Reggio Emilia, con una selezione dei dipinti a tema francescano provenienti dai conventi della regione. In particolare, verr\u00e0 esposto un quadro del Guercino del 1632, raffigurante San Francesco con le stigmate, rinfrescato per l\u2019occasione. I Musei Civici di Reggio Emilia allestiranno un percorso, all\u2019interno della Galleria Fontanesi, che testimonier\u00e0, attraverso opere d\u2019arte inedite, il radicato spirito di devozione popolare verso la figura di San Francesco. Un tuffo nell\u2019arte contemporanea di Gino Covili, pittore modenese da pochi anni scomparso, permetter\u00e0 di apprezzare un\u2019originale interpretazione della vita del Santo e del Cantico delle Creature attraverso le 84 opere dipinte dall\u2019artista tra il 1992 e il 1994, in una tensione costante tra espressionismo e lirismo. Non poteva poi mancare il ciclo pittorico che Giotto ha dedicato a Francesco nella Basilica Superiore di Assisi, visibile grazie a un\u2019installazione fotografica curata da Itaca. E ancora, una mostra sugli insediamenti cappuccini nel territorio reggiano, presso il Museo Civico di Correggio; un\u2019installazione fotografica dedicata alla storia del Convento di Montefalcone, tra i primi siti francescani in Emilia Romagna e un\u2019esposizione di testi francescani, tra letture e melodie medioevali presso la biblioteca \u201cBartolomeo Barbieri\u201d. A queste iniziative, si aggiungono celebrazioni liturgiche, assistenza spirituale, momenti di preghiera comunitaria, visite guidate nei luoghi francescani, stand espositivi della presenza francescana in regione, bancarelle di libri, enogastronomia\u2026 In una grande festa per tutti!<\/p>\n<p><br class=\"spacer_\" \/><\/p>\n<p align=\"justify\">Per informazioni: 334\/2609797,  info@festivalfrancescano.it &#8211; <a href=\"http:\/\/www.festivalfrancescano.it\" target=\"_blank\">www.festivalfrancescano.it<\/a><\/p>\n","protected":false},"excerpt":{"rendered":"<p>REGGIO EMILIA OSPITERA\u2019 IL PRIMO FESTIVAL FRANCESCANO La manifestazione, prevista per il 25, 26 e 27 settembre 2009, prevede spiritualit\u00e0, arte e spettacoli nelle piazze, tra la gente. Un grande evento nazionale ha scelto la citt\u00e0 di Reggio Emilia come palcoscenico su cui debuttare. Si tratta del primo Festival Francescano, la manifestazione che offre spiritualit\u00e0,&#8230;<\/p>\n","protected":false},"author":3,"featured_media":0,"comment_status":"closed","ping_status":"closed","sticky":false,"template":"","format":"standard","meta":{"_kad_post_transparent":"","_kad_post_title":"","_kad_post_layout":"","_kad_post_sidebar_id":"","_kad_post_content_style":"","_kad_post_vertical_padding":"","_kad_post_feature":"","_kad_post_feature_position":"","_kad_post_header":false,"_kad_post_footer":false,"_kad_post_classname":"","footnotes":""},"categories":[99,246],"tags":[22,154,113],"class_list":["post-228718","post","type-post","status-publish","format-standard","hentry","category-99","category-festival","tag-francescani","tag-iniziative","tag-video"],"_links":{"self":[{"href":"https:\/\/archivio.cercoiltuovolto.it\/index.php?rest_route=\/wp\/v2\/posts\/228718","targetHints":{"allow":["GET"]}}],"collection":[{"href":"https:\/\/archivio.cercoiltuovolto.it\/index.php?rest_route=\/wp\/v2\/posts"}],"about":[{"href":"https:\/\/archivio.cercoiltuovolto.it\/index.php?rest_route=\/wp\/v2\/types\/post"}],"author":[{"embeddable":true,"href":"https:\/\/archivio.cercoiltuovolto.it\/index.php?rest_route=\/wp\/v2\/users\/3"}],"replies":[{"embeddable":true,"href":"https:\/\/archivio.cercoiltuovolto.it\/index.php?rest_route=%2Fwp%2Fv2%2Fcomments&post=228718"}],"version-history":[{"count":0,"href":"https:\/\/archivio.cercoiltuovolto.it\/index.php?rest_route=\/wp\/v2\/posts\/228718\/revisions"}],"wp:attachment":[{"href":"https:\/\/archivio.cercoiltuovolto.it\/index.php?rest_route=%2Fwp%2Fv2%2Fmedia&parent=228718"}],"wp:term":[{"taxonomy":"category","embeddable":true,"href":"https:\/\/archivio.cercoiltuovolto.it\/index.php?rest_route=%2Fwp%2Fv2%2Fcategories&post=228718"},{"taxonomy":"post_tag","embeddable":true,"href":"https:\/\/archivio.cercoiltuovolto.it\/index.php?rest_route=%2Fwp%2Fv2%2Ftags&post=228718"}],"curies":[{"name":"wp","href":"https:\/\/api.w.org\/{rel}","templated":true}]}}