{"id":228716,"date":"2009-09-04T07:00:40","date_gmt":"2009-09-04T07:00:40","guid":{"rendered":"https:\/\/archivio.cercoiltuovolto.it\/?p=228716"},"modified":"2009-09-04T07:00:40","modified_gmt":"2009-09-04T07:00:40","slug":"fiction-sant-agostino-il-papa-alla-sua-presentazione","status":"publish","type":"post","link":"https:\/\/archivio.cercoiltuovolto.it\/?p=228716","title":{"rendered":"Fiction &#8211; Sant&#8217;Agostino &#8211; Il Papa alla sua presentazione"},"content":{"rendered":"<p style=\"text-align: justify;\"><img loading=\"lazy\" decoding=\"async\" class=\"alignleft size-full wp-image-6488\" title=\"Locandina\" src=\"http:\/\/www.cercoiltuovolto.it\/\/wp-content\/uploads\/2009\/09\/49locandina.jpg\" alt=\"Locandina\" width=\"107\" height=\"150\" \/>Un viaggio spirituale per scoprire che la Verit\u00e0 \u00e8 pi\u00f9 forte di ogni sconvolgimento umano: cos\u00ec, Benedetto XVI ha definito il film su Sant\u2019Agostino, proiettato ieri (2 settembre 2009) pomeriggio nella Sala degli Svizzeri del Palazzo Apostolico di Castel Gandolfo. Al termine della proiezione &#8211; una sintesi del film, in lingua tedesca &#8211; il Papa, che come \u00e8 noto \u00e8 particolarmente legato alla figura di Sant\u2019Agostino, ha ringraziato la Rai, la <a href=\"http:\/\/www.luxvide.it\/index.php\" target=\"_blank\">Lux Vide<\/a> e la tv bavarese Bayerischer Rundfunk, principali produttori del film, e il cast degli attori presenti in Vaticano per l\u2019anteprima. Il servizio di Alessandro Gisotti (Leggi tutto l&#8217;articolo su Radio Vaticana)<\/p>\n<h3>Altro link di approfondimento:<\/h3>\n<ul>\n<li style=\"text-align: justify;\"><a href=\"http:\/\/www.cercoiltuovolto.it\/\/2009\/video\/santagostino-la-miniserie\/ \" target=\"_blank\">Sant\u2019Agostino \u2013 la miniserie<\/a><\/li>\n<\/ul>\n<h3>Intervista di Radio Vaticana<\/h3>\n<ul>\n<\/ul>\n<p style=\"text-align: justify;\">\n<p style=\"text-align: justify;\">Download file mp3<\/p>\n<h3>Servizio del TG1 (ore 13:30 &#8211; 03\/09\/09)<\/h3>\n<p>[youtube S3ku4TG91zI]<\/p>\n","protected":false},"excerpt":{"rendered":"<p>Un viaggio spirituale per scoprire che la Verit\u00e0 \u00e8 pi\u00f9 forte di ogni sconvolgimento umano: cos\u00ec, Benedetto XVI ha definito il film su Sant\u2019Agostino, proiettato ieri (2 settembre 2009) pomeriggio nella Sala degli Svizzeri del Palazzo Apostolico di Castel Gandolfo. Al termine della proiezione &#8211; una sintesi del film, in lingua tedesca &#8211; il Papa,&#8230;<\/p>\n","protected":false},"author":3,"featured_media":0,"comment_status":"closed","ping_status":"closed","sticky":false,"template":"","format":"standard","meta":{"_kad_post_transparent":"","_kad_post_title":"","_kad_post_layout":"","_kad_post_sidebar_id":"","_kad_post_content_style":"","_kad_post_vertical_padding":"","_kad_post_feature":"","_kad_post_feature_position":"","_kad_post_header":false,"_kad_post_footer":false,"_kad_post_classname":"","footnotes":""},"categories":[99,127],"tags":[35,24,113],"class_list":["post-228716","post","type-post","status-publish","format-standard","hentry","category-99","category-benedetto-xvi","tag-film","tag-televisione","tag-video"],"_links":{"self":[{"href":"https:\/\/archivio.cercoiltuovolto.it\/index.php?rest_route=\/wp\/v2\/posts\/228716","targetHints":{"allow":["GET"]}}],"collection":[{"href":"https:\/\/archivio.cercoiltuovolto.it\/index.php?rest_route=\/wp\/v2\/posts"}],"about":[{"href":"https:\/\/archivio.cercoiltuovolto.it\/index.php?rest_route=\/wp\/v2\/types\/post"}],"author":[{"embeddable":true,"href":"https:\/\/archivio.cercoiltuovolto.it\/index.php?rest_route=\/wp\/v2\/users\/3"}],"replies":[{"embeddable":true,"href":"https:\/\/archivio.cercoiltuovolto.it\/index.php?rest_route=%2Fwp%2Fv2%2Fcomments&post=228716"}],"version-history":[{"count":0,"href":"https:\/\/archivio.cercoiltuovolto.it\/index.php?rest_route=\/wp\/v2\/posts\/228716\/revisions"}],"wp:attachment":[{"href":"https:\/\/archivio.cercoiltuovolto.it\/index.php?rest_route=%2Fwp%2Fv2%2Fmedia&parent=228716"}],"wp:term":[{"taxonomy":"category","embeddable":true,"href":"https:\/\/archivio.cercoiltuovolto.it\/index.php?rest_route=%2Fwp%2Fv2%2Fcategories&post=228716"},{"taxonomy":"post_tag","embeddable":true,"href":"https:\/\/archivio.cercoiltuovolto.it\/index.php?rest_route=%2Fwp%2Fv2%2Ftags&post=228716"}],"curies":[{"name":"wp","href":"https:\/\/api.w.org\/{rel}","templated":true}]}}