{"id":228715,"date":"2009-09-04T06:00:01","date_gmt":"2009-09-04T06:00:01","guid":{"rendered":"https:\/\/archivio.cercoiltuovolto.it\/?p=228715"},"modified":"2009-09-04T06:00:01","modified_gmt":"2009-09-04T06:00:01","slug":"commento-al-vangelo-di-domenica-6-settembre-2009-com-catt-ungheria","status":"publish","type":"post","link":"https:\/\/archivio.cercoiltuovolto.it\/?p=228715","title":{"rendered":"Commento al Vangelo di domenica 6 settembre 2009 &#8211; Com. Catt. Ungheria"},"content":{"rendered":"<p style=\"text-align: justify;\">Per comprendere il Vangelo di questa domenica (Mc 7,31-37) \u00e8 anzitutto necessario osservare per esempio l\u2019annotazione geografica che introduce l\u2019episodio: Ges\u00f9 si trova nel territorio della Decapoli, cio\u00e8 in una regione pagana. Il racconto acquista in tal modo il <img loading=\"lazy\" decoding=\"async\" class=\"alignleft size-full wp-image-6474\" title=\"Gesu' guarisce il sordomuto\" src=\"http:\/\/www.cercoiltuovolto.it\/\/wp-content\/uploads\/2009\/09\/Ges-guarisce-il-sordomuto.jpg\" alt=\"Gesu' guarisce il sordomuto\" width=\"126\" height=\"207\" \/>significato di universalit\u00e0. Il miracolo \u00e8 in favore di una persona che, secondo la concezione del tempo, avrebbe dovuto essere esclusa dalla salvezza, o per lo meno avrebbe dovuto essere raggiunta in un secondo momento: prima gli ebrei, poi i pagani. L\u2019evangelista ci fa comprendere che il \u00abprima\u00bb e il \u00abpoi\u00bb appartengono alla grettezza dell\u2019uomo, non all\u2019amore di Dio.<br \/>\nLo sguardo rivolto al cielo \u2013 lo stesso gesto che Ges\u00f9 ha compiuto alla moltiplicazione dei pani (6,41) \u2013 indica la preghiera. Alle volte Ges\u00f9 compie i miracoli con l\u2019autorit\u00e0 della sua Parola, per cos\u00ec dire a nome proprio, dimostrando in tal modo di non essere semplicemente un profeta di Dio, ma Dio egli stesso. Alle volte invece, come nel nostro caso, Ges\u00f9 ricorre alla preghiera, per insegnarci che la salvezza \u00e8 un puro dono della grazia di Dio: un dono da chiedere, non da pretendere.[<a href=\"http:\/\/marcodaviano.wordpress.com\/2009\/09\/02\/il-sordomuto-guarito\/\" target=\"_blank\">continua a leggere tutto il commento<\/a> nel sito della Comunit\u00e0 cattolica italiana in Ungheria]<\/p>\n<p style=\"text-align: center;\">[youtube]http:\/\/www.youtube.com\/watch?v=vPsYkCnzq6U[\/youtube]<\/p>\n","protected":false},"excerpt":{"rendered":"<p>Per comprendere il Vangelo di questa domenica (Mc 7,31-37) \u00e8 anzitutto necessario osservare per esempio l\u2019annotazione geografica che introduce l\u2019episodio: Ges\u00f9 si trova nel territorio della Decapoli, cio\u00e8 in una regione pagana. Il racconto acquista in tal modo il significato di universalit\u00e0. Il miracolo \u00e8 in favore di una persona che, secondo la concezione del&#8230;<\/p>\n","protected":false},"author":3,"featured_media":0,"comment_status":"closed","ping_status":"closed","sticky":false,"template":"","format":"standard","meta":{"_kad_post_transparent":"","_kad_post_title":"","_kad_post_layout":"","_kad_post_sidebar_id":"","_kad_post_content_style":"","_kad_post_vertical_padding":"","_kad_post_feature":"","_kad_post_feature_position":"","_kad_post_header":false,"_kad_post_footer":false,"_kad_post_classname":"","footnotes":""},"categories":[99,147],"tags":[22,172,113],"class_list":["post-228715","post","type-post","status-publish","format-standard","hentry","category-99","category-commento-al-vangelo","tag-francescani","tag-vangelo-della-domenica","tag-video"],"_links":{"self":[{"href":"https:\/\/archivio.cercoiltuovolto.it\/index.php?rest_route=\/wp\/v2\/posts\/228715","targetHints":{"allow":["GET"]}}],"collection":[{"href":"https:\/\/archivio.cercoiltuovolto.it\/index.php?rest_route=\/wp\/v2\/posts"}],"about":[{"href":"https:\/\/archivio.cercoiltuovolto.it\/index.php?rest_route=\/wp\/v2\/types\/post"}],"author":[{"embeddable":true,"href":"https:\/\/archivio.cercoiltuovolto.it\/index.php?rest_route=\/wp\/v2\/users\/3"}],"replies":[{"embeddable":true,"href":"https:\/\/archivio.cercoiltuovolto.it\/index.php?rest_route=%2Fwp%2Fv2%2Fcomments&post=228715"}],"version-history":[{"count":0,"href":"https:\/\/archivio.cercoiltuovolto.it\/index.php?rest_route=\/wp\/v2\/posts\/228715\/revisions"}],"wp:attachment":[{"href":"https:\/\/archivio.cercoiltuovolto.it\/index.php?rest_route=%2Fwp%2Fv2%2Fmedia&parent=228715"}],"wp:term":[{"taxonomy":"category","embeddable":true,"href":"https:\/\/archivio.cercoiltuovolto.it\/index.php?rest_route=%2Fwp%2Fv2%2Fcategories&post=228715"},{"taxonomy":"post_tag","embeddable":true,"href":"https:\/\/archivio.cercoiltuovolto.it\/index.php?rest_route=%2Fwp%2Fv2%2Ftags&post=228715"}],"curies":[{"name":"wp","href":"https:\/\/api.w.org\/{rel}","templated":true}]}}