{"id":228713,"date":"2009-09-03T08:50:19","date_gmt":"2009-09-03T08:50:19","guid":{"rendered":"https:\/\/archivio.cercoiltuovolto.it\/?p=228713"},"modified":"2009-09-03T08:50:19","modified_gmt":"2009-09-03T08:50:19","slug":"freedhope-festival-456-settembre-2009","status":"publish","type":"post","link":"https:\/\/archivio.cercoiltuovolto.it\/?p=228713","title":{"rendered":"&#8220;FreedHope Festival&#8221; 4\/5\/6 settembre 2009"},"content":{"rendered":"<p style=\"text-align: justify;\">Il FreedHope Festival \u00e8 la pi\u00f9 importante manifestazione Internazionale di musica Gospel del territorio marchigiano, giunta alla sua terza edizione con un bagaglio di oltre 10.000 presenze.<br \/>\n <a rel=\"lightbox\" href=\"http:\/\/www.cercoiltuovolto.it\/\/wp-content\/uploads\/2009\/09\/fh1.jpg\"><img loading=\"lazy\" decoding=\"async\" class=\"alignleft size-medium wp-image-6466\" title=\"Volantino - Fronte\" src=\"http:\/\/www.cercoiltuovolto.it\/\/wp-content\/uploads\/2009\/09\/fh1-146x300.jpg\" alt=\"Volantino - Fronte\" width=\"88\" height=\"180\" \/><\/a>Progettato e realizzato grazie alla feconda sinergia tra la Comunit\u00e0 Agostiniana del Santuario San Nicola e la Diocesi di Macerata-Tolentino-Recanati-Cingoli-Treia, \u00e8 nell&#8217;agosto del 2007 che il FreedHope Festival viene attivato in occasione del passaggio dei giovani per l&#8217;incontro con il Papa nella piana di Montorso &#8211; Loreto; ed \u00e8 subito grande feeling tra il popolo tolentinate e gli straordinari interpreti internazionali ospitati sul palco di Piazza Libert\u00e0; un feeling che, nell&#8217;edizione 2008, anche senza la presenza gioiosa dei giovani pellegrini, \u00e8 cresciuto in maniera sorprendente si \u00e8 giunti cos\u00ec a riempire la piazza e le vie di accesso, nell&#8217;entusiasmo generale che ha fatto diventare ricorrente la domanda: a quando la prossima volta?<\/p>\n<p style=\"text-align: justify;\">Autore e direttore artistico del FreedHope Festival: \u00a0Marco Brusati<\/p>\n<h3>Guarda il video promo &#8211; Anno 2008<\/h3>\n<p style=\"text-align: center;\">[flv]http:\/\/www.freedhope.it\/it\/promofestival2008.flv[\/flv]<\/p>\n","protected":false},"excerpt":{"rendered":"<p>Il FreedHope Festival \u00e8 la pi\u00f9 importante manifestazione Internazionale di musica Gospel del territorio marchigiano, giunta alla sua terza edizione con un bagaglio di oltre 10.000 presenze. Progettato e realizzato grazie alla feconda sinergia tra la Comunit\u00e0 Agostiniana del Santuario San Nicola e la Diocesi di Macerata-Tolentino-Recanati-Cingoli-Treia, \u00e8 nell&#8217;agosto del 2007 che il FreedHope Festival&#8230;<\/p>\n","protected":false},"author":3,"featured_media":0,"comment_status":"closed","ping_status":"closed","sticky":false,"template":"","format":"standard","meta":{"_kad_post_transparent":"","_kad_post_title":"","_kad_post_layout":"","_kad_post_sidebar_id":"","_kad_post_content_style":"","_kad_post_vertical_padding":"","_kad_post_feature":"","_kad_post_feature_position":"","_kad_post_header":false,"_kad_post_footer":false,"_kad_post_classname":"","footnotes":""},"categories":[99,152],"tags":[38,113],"class_list":["post-228713","post","type-post","status-publish","format-standard","hentry","category-99","category-iniziative","tag-musica-e-fede","tag-video"],"_links":{"self":[{"href":"https:\/\/archivio.cercoiltuovolto.it\/index.php?rest_route=\/wp\/v2\/posts\/228713","targetHints":{"allow":["GET"]}}],"collection":[{"href":"https:\/\/archivio.cercoiltuovolto.it\/index.php?rest_route=\/wp\/v2\/posts"}],"about":[{"href":"https:\/\/archivio.cercoiltuovolto.it\/index.php?rest_route=\/wp\/v2\/types\/post"}],"author":[{"embeddable":true,"href":"https:\/\/archivio.cercoiltuovolto.it\/index.php?rest_route=\/wp\/v2\/users\/3"}],"replies":[{"embeddable":true,"href":"https:\/\/archivio.cercoiltuovolto.it\/index.php?rest_route=%2Fwp%2Fv2%2Fcomments&post=228713"}],"version-history":[{"count":0,"href":"https:\/\/archivio.cercoiltuovolto.it\/index.php?rest_route=\/wp\/v2\/posts\/228713\/revisions"}],"wp:attachment":[{"href":"https:\/\/archivio.cercoiltuovolto.it\/index.php?rest_route=%2Fwp%2Fv2%2Fmedia&parent=228713"}],"wp:term":[{"taxonomy":"category","embeddable":true,"href":"https:\/\/archivio.cercoiltuovolto.it\/index.php?rest_route=%2Fwp%2Fv2%2Fcategories&post=228713"},{"taxonomy":"post_tag","embeddable":true,"href":"https:\/\/archivio.cercoiltuovolto.it\/index.php?rest_route=%2Fwp%2Fv2%2Ftags&post=228713"}],"curies":[{"name":"wp","href":"https:\/\/api.w.org\/{rel}","templated":true}]}}