{"id":228712,"date":"2009-09-03T07:21:22","date_gmt":"2009-09-03T07:21:22","guid":{"rendered":"https:\/\/archivio.cercoiltuovolto.it\/?p=228712"},"modified":"2009-09-03T07:21:22","modified_gmt":"2009-09-03T07:21:22","slug":"commento-al-vangelo-domenica-6-settembre-2009-bellanotizia","status":"publish","type":"post","link":"https:\/\/archivio.cercoiltuovolto.it\/?p=228712","title":{"rendered":"Commento al Vangelo &#8211; Domenica 6 settembre 2009 &#8211; Bellanotizia"},"content":{"rendered":"<p style=\"text-align: justify;\">Questa \u00e8 una rielaborazione <strong>audio\/video<\/strong> sulle letture della Messa di:<strong><em> DOMENICA 6 settembre 2009 &#8211; XXIII DOMENICA DEL TEMPO ORDINARIO <\/em><\/strong>(Anno B) a cura di <a href=\"http:\/\/www.bellanotizia.it\" target=\"_blank\">Antonio Di Lieto<\/a>.   Il titolo della Messa, che unifica tutte le letture, secondo l&#8217;autore \u00e8: <strong>Aprite i cuori sordi !<\/strong><\/p>\n<p style=\"text-align: justify;\">[audio:http:\/\/www.bellanotizia.it\/Materiali\/2009%20ANNO%20B\/47_XXIIITO\/MP3_-_06_Set_09_-.mp3]<br \/>\n<a href=\"http:\/\/www.bellanotizia.it\/Materiali\/2009%20ANNO%20B\/47_XXIIITO\/MP3_-_06_Set_09_-.mp3\">Download file mp3<\/a><\/p>\n<p style=\"text-align: center;\">\n<h2 style=\"text-align: left;\">Commento alle Letture<\/h2>\n<h3 style=\"text-align: justify;\">PRIMA LETTURA (dal libro del profeta Isa\u00eca 35,4-7a)<\/h3>\n<p style=\"text-align: justify;\">Cos\u00ec dice il profeta Isa\u00eca: &#8220;Dite a chi si sente perso: \u00abCoraggio, non aver paura! Presto verr\u00e0 in tuo aiuto il Signore! Presto interverr\u00e0 a punire i malvagi: e ricompensare i giusti!\u00bb. Quando verr\u00e0 infatti, anche i ciechi apriranno gli occhi: e i SORDI le orecchie. I muti grideranno di gioia: e gli zoppi salteranno di allegria! S\u00ec, perch\u00e9 il Signore fa spuntare acqua fresca anche dal deserto: fa sgorgare fiumi di felicit\u00e0, anche dai CUORI pi\u00f9 inariditi !&#8221;.<\/p>\n<h3 style=\"text-align: justify;\">SALMO RESPONSORIALE (Salmo 145,7-10)<\/h3>\n<p style=\"text-align: justify;\">La mia anima loda il Signore, perch\u00e9 Dio mantiene sempre le sue promesse: sazia gli affamati, difende i perseguitati, libera gli oppressi. Rialza chi \u00e8 caduto, protegge i forestieri, ama i giusti. Il Signore illumina le menti cieche: ed APRE I CUORI SORDI! Sostiene i deboli, le vedove e gli orfani: sconvolgendo completamente, i piani dei malvagi. Perch\u00e9 \u00e8 Dio che regna nel mondo, ora e sempre: di generazione in generazione !<\/p>\n<h3 style=\"text-align: justify;\">SECONDA LETTURA (dalla lettera di Giacomo 2,1-5)<\/h3>\n<p style=\"text-align: justify;\">Fratelli miei, non inquinate la vostra fede con favoritismi personali. Supponiamo che durante una vostra riunione entrino due forestieri: uno pieno di gioielli ed abiti di lusso e l\u2019altro vestito male. Se quando entra l&#8217;uomo ricco lo coprite d\u2019attenzioni dicendogli: \u201cPrego, si segga qui al posto d&#8217;onore!&#8221;, mentre al povero dite sbrigativamente: &#8220;Tu invece siediti qui a terra!&#8221;, non fate discriminazioni? Non siete ingiusti e malvagi? Ascoltatemi bene allora, fratelli miei carissimi: il Signore ha scelto quelli che sono miseri agli occhi degli uomini, per farli diventare miliardari di felicit\u00e0. Eredi di quel regno di gioia infinita, promesso a tutti quelli che Lo amano. Non maltrattate i poveri dunque, anzi per quanto potete cercate di aiutarli: senza mostrarvi SORDI al loro grido di aiuto!<\/p>\n<h3 style=\"text-align: justify;\"><a href=\"http:\/\/www.cercoiltuovolto.it\/\/wp-content\/uploads\/2009\/09\/b48.jpg\"><img loading=\"lazy\" decoding=\"async\" class=\"alignleft size-full wp-image-6462\" title=\"Mc 7,31-37\" src=\"http:\/\/www.cercoiltuovolto.it\/\/wp-content\/uploads\/2009\/09\/b48.jpg\" alt=\"Mc 7,31-37\" width=\"222\" height=\"284\" \/><\/a>VANGELO (Marco 7,31-37)<\/h3>\n<p style=\"text-align: justify;\">In quel tempo Ges\u00f9 uscendo dalla regione di Tiro giunse nella citt\u00e0 di Sid\u00f2ne. Poi dirigendosi verso il mar di Galil\u00e8a arriv\u00f2 nella zona chiamata \u201cDecapoli\u201d, un territorio completamente pagano: SORDO ad ogni messaggio religioso. Eppure anche l\u00ec gli portarono un SORDO-muto: supplicandolo di guarirlo.<\/p>\n<p style=\"text-align: justify;\">Vedendo che anche i pagani avevano fiducia in lui, Ges\u00f9 si commosse. Ma non voleva dare spettacolo davanti a tutti: cos\u00ec prese quel malato e lo port\u00f2 in disparte lontano dalla folla. Si mise un po\u2019 di saliva sulle mani, volse lo sguardo al cielo: e tocc\u00f2 la lingua e le orecchie del malato. Poi sgridandole, esclam\u00f2 soffiando: \u201cEfffat\u00e0!\u201d (che significa: \u201cAPRITEVI!\u201d). E subito le orecchie e la lingua di quell\u2019uomo si APRIRONO, tanto che cominci\u00f2 a gridare di gioia: parlando correttamente.<\/p>\n<p style=\"text-align: justify;\">Per non creare troppa esaltazione, Ges\u00f9 ordin\u00f2 ai presenti di non dire niente a nessuno: ma pi\u00f9 diceva cos\u00ec, pi\u00f9 quelli ne parlavano. Ed in quella regione pagana, SORDA ai messaggi religiosi, tutti cominciarono a dire meravigliati: &#8220;Quest\u2019uomo \u00e8 straordinario: \u00e8 capace persino di far sentire i SORDI e parlare i muti!&#8221;. Ges\u00f9 insomma aveva sciolto anche le loro lingue mute: ed APERTO i loro CUORI SORDI !<\/p>\n<p style=\"text-align: justify;\"><span class=\"morebis\"><img loading=\"lazy\" decoding=\"async\" style=\"border: 0pt none; vertical-align: middle;\" title=\"Link\" src=\"http:\/\/www.cercoiltuovolto.it\/\/images\/web.png\" alt=\"Link\" width=\"24\" height=\"24\" \/> <\/span><strong>Sul sito<\/strong> <a href=\"http:\/\/www.bellanotizia.it\/\" target=\"_blank\">http:\/\/www.bellanotizia.it<\/a> puoi scaricare tante altre &#8220;bellenotizie&#8221;, anche in forma di registrazione-audio e presentazione-video, oltre a diversi miei articoli, scritti, corrispondenze-mail ed ipotesi innovative.<br \/>\n <img loading=\"lazy\" decoding=\"async\" style=\"border: 0pt none; vertical-align: middle;\" title=\"Note\" src=\"http:\/\/www.cercoiltuovolto.it\/\/images\/notes.png\" alt=\"Note\" width=\"24\" height=\"24\" \/> <strong>Note<\/strong>: L&#8217;autore precisa che, anche se la lettura di queste bellenotizie aiuta a comprendere la prima parte della Messa (Liturgia della Parola), non potr\u00e0 mai sostituire la seconda parte (Liturgia eucaristica), in cui ci viene data la possibilit\u00e0 di &#8220;abbracciare&#8221; veramente il Corpo di Cristo.<\/p>\n","protected":false},"excerpt":{"rendered":"<p>Questa \u00e8 una rielaborazione audio\/video sulle letture della Messa di: DOMENICA 6 settembre 2009 &#8211; XXIII DOMENICA DEL TEMPO ORDINARIO (Anno B) a cura di Antonio Di Lieto. Il titolo della Messa, che unifica tutte le letture, secondo l&#8217;autore \u00e8: Aprite i cuori sordi ! [audio:http:\/\/www.bellanotizia.it\/Materiali\/2009%20ANNO%20B\/47_XXIIITO\/MP3_-_06_Set_09_-.mp3] Download file mp3 Commento alle Letture PRIMA LETTURA (dal&#8230;<\/p>\n","protected":false},"author":3,"featured_media":0,"comment_status":"closed","ping_status":"closed","sticky":false,"template":"","format":"standard","meta":{"_kad_post_transparent":"","_kad_post_title":"","_kad_post_layout":"","_kad_post_sidebar_id":"","_kad_post_content_style":"","_kad_post_vertical_padding":"","_kad_post_feature":"","_kad_post_feature_position":"","_kad_post_header":false,"_kad_post_footer":false,"_kad_post_classname":"","footnotes":""},"categories":[99,4],"tags":[34,5,172],"class_list":["post-228712","post","type-post","status-publish","format-standard","hentry","category-99","category-audio-cattolici","tag-bella-notizia","tag-commento-al-vangelo","tag-vangelo-della-domenica"],"_links":{"self":[{"href":"https:\/\/archivio.cercoiltuovolto.it\/index.php?rest_route=\/wp\/v2\/posts\/228712","targetHints":{"allow":["GET"]}}],"collection":[{"href":"https:\/\/archivio.cercoiltuovolto.it\/index.php?rest_route=\/wp\/v2\/posts"}],"about":[{"href":"https:\/\/archivio.cercoiltuovolto.it\/index.php?rest_route=\/wp\/v2\/types\/post"}],"author":[{"embeddable":true,"href":"https:\/\/archivio.cercoiltuovolto.it\/index.php?rest_route=\/wp\/v2\/users\/3"}],"replies":[{"embeddable":true,"href":"https:\/\/archivio.cercoiltuovolto.it\/index.php?rest_route=%2Fwp%2Fv2%2Fcomments&post=228712"}],"version-history":[{"count":0,"href":"https:\/\/archivio.cercoiltuovolto.it\/index.php?rest_route=\/wp\/v2\/posts\/228712\/revisions"}],"wp:attachment":[{"href":"https:\/\/archivio.cercoiltuovolto.it\/index.php?rest_route=%2Fwp%2Fv2%2Fmedia&parent=228712"}],"wp:term":[{"taxonomy":"category","embeddable":true,"href":"https:\/\/archivio.cercoiltuovolto.it\/index.php?rest_route=%2Fwp%2Fv2%2Fcategories&post=228712"},{"taxonomy":"post_tag","embeddable":true,"href":"https:\/\/archivio.cercoiltuovolto.it\/index.php?rest_route=%2Fwp%2Fv2%2Ftags&post=228712"}],"curies":[{"name":"wp","href":"https:\/\/api.w.org\/{rel}","templated":true}]}}